{"id":4598,"date":"2024-10-03T12:51:19","date_gmt":"2024-10-03T10:51:19","guid":{"rendered":"https:\/\/laia-alvarez.com\/?p=4598"},"modified":"2025-03-04T20:14:45","modified_gmt":"2025-03-04T19:14:45","slug":"nueva-serie-de-la-cadena-ard-con-laia-alvarez-en-un-papel-de-continuidad","status":"publish","type":"post","link":"https:\/\/laia-alvarez.com\/es\/nueva-serie-de-la-cadena-ard-con-laia-alvarez-en-un-papel-de-continuidad\/","title":{"rendered":"Nueva serie de la cadena ARD con Laia Alvarez en un papel de continuidad"},"content":{"rendered":"\n<p class=\"wp-block-paragraph\">La cadena p\u00fablica alemana ARD ha encontrado fecha de emisi\u00f3n para la nueva serie F\u00dcR IMMER SOMMER, de la que Bavaria Fiction ha producido dos pel\u00edculas. El estreno de EIN NEUES LEBEN est\u00e1 previsto para el 22 de noviembre, mientras que la segunda pel\u00edcula de 90 minutos, ENTH\u00dcLLUNGEN, se emitir\u00e1 una semana m\u00e1s tarde, el 29 de noviembre. Las pel\u00edculas estar\u00e1n disponibles a la carta en ARD Mediathek dos d\u00edas antes de la emisi\u00f3n lineal, a las 20.15 horas.\u00a0<br>Laia Alvarez interpreta el papel continuo de Toni, la prima hermana de \u00c1lvaro, interpretado por F\u00e9lix Herzog.<\/p>\n\n\n\n<p class=\"wp-block-paragraph\">Director: Michael Rowitz.<\/p>\n\n\n\n<p class=\"wp-block-paragraph\">Editores: Sascha M\u00fcrl y Stefan Kruppa.<\/p>\n\n\n\n<p class=\"wp-block-paragraph\">Productor: Stephan Bechtle (Bavaria Fiction) junto Seven Islands Films (Canarias)<\/p>\n\n\n\n<p class=\"wp-block-paragraph\">Reparto: Till Zink\/Bavaria Besetzungsb\u00fcro.<\/p>\n\n\n\n<p class=\"wp-block-paragraph\"><\/p>\n","protected":false},"excerpt":{"rendered":"<p>La cadena p\u00fablica alemana ARD ha encontrado fecha de emisi\u00f3n para la nueva serie F\u00dcR IMMER SOMMER, de la que Bavaria Fiction ha producido dos pel\u00edculas. El estreno de EIN NEUES LEBEN est\u00e1 previsto para el 22 de noviembre, mientras que la segunda pel\u00edcula de 90 minutos, ENTH\u00dcLLUNGEN, se emitir\u00e1 una semana m\u00e1s tarde, el [&hellip;]<\/p>\n","protected":false},"author":5,"featured_media":4599,"comment_status":"closed","ping_status":"closed","sticky":false,"template":"","format":"standard","meta":{"footnotes":""},"categories":[1],"tags":[],"class_list":["post-4598","post","type-post","status-publish","format-standard","has-post-thumbnail","hentry","category-news"],"yoast_head":"<!-- This site is optimized with the Yoast SEO plugin v28.3 - https:\/\/yoast.com\/product\/yoast-seo-wordpress\/ -->\n<title>Nueva serie de la cadena ARD con Laia Alvarez en un papel de continuidad - Laia Alvarez<\/title>\n<meta name=\"description\" content=\"P\u00e1gina web de la actriz Laia Alvarez.\" \/>\n<meta name=\"robots\" content=\"index, follow, max-snippet:-1, max-image-preview:large, max-video-preview:-1\" \/>\n<link rel=\"canonical\" href=\"https:\/\/laia-alvarez.com\/es\/nueva-serie-de-la-cadena-ard-con-laia-alvarez-en-un-papel-de-continuidad\/\" \/>\n<meta property=\"og:locale\" content=\"es_ES\" \/>\n<meta property=\"og:type\" content=\"article\" \/>\n<meta property=\"og:title\" content=\"Nueva serie de la cadena ARD con Laia Alvarez en un papel de continuidad - Laia Alvarez\" \/>\n<meta property=\"og:description\" content=\"P\u00e1gina web de la actriz Laia Alvarez.\" \/>\n<meta property=\"og:url\" content=\"https:\/\/laia-alvarez.com\/es\/nueva-serie-de-la-cadena-ard-con-laia-alvarez-en-un-papel-de-continuidad\/\" \/>\n<meta property=\"og:site_name\" content=\"Laia Alvarez\" \/>\n<meta property=\"article:published_time\" content=\"2024-10-03T10:51:19+00:00\" \/>\n<meta property=\"article:modified_time\" content=\"2025-03-04T19:14:45+00:00\" \/>\n<meta property=\"og:image\" content=\"https:\/\/laia-alvarez.com\/wp-content\/uploads\/2025\/03\/FUeR-IMMER-SOMMER.jpg\" \/>\n\t<meta property=\"og:image:width\" content=\"1079\" \/>\n\t<meta property=\"og:image:height\" content=\"1080\" \/>\n\t<meta property=\"og:image:type\" content=\"image\/jpeg\" \/>\n<meta name=\"author\" content=\"Laia Alvarez\" \/>\n<meta name=\"twitter:card\" content=\"summary_large_image\" \/>\n<meta name=\"twitter:label1\" content=\"Escrito por\" \/>\n\t<meta name=\"twitter:data1\" content=\"Laia Alvarez\" \/>\n\t<meta name=\"twitter:label2\" content=\"Tiempo de lectura\" \/>\n\t<meta name=\"twitter:data2\" content=\"1 minuto\" \/>\n<script type=\"application\/ld+json\" class=\"yoast-schema-graph\">{\"@context\":\"https:\\\/\\\/schema.org\",\"@graph\":[{\"@type\":\"Article\",\"@id\":\"https:\\\/\\\/laia-alvarez.com\\\/es\\\/nueva-serie-de-la-cadena-ard-con-laia-alvarez-en-un-papel-de-continuidad\\\/#article\",\"isPartOf\":{\"@id\":\"https:\\\/\\\/laia-alvarez.com\\\/es\\\/nueva-serie-de-la-cadena-ard-con-laia-alvarez-en-un-papel-de-continuidad\\\/\"},\"author\":{\"name\":\"Laia Alvarez\",\"@id\":\"https:\\\/\\\/laia-alvarez.com\\\/#\\\/schema\\\/person\\\/4166490bf542d632c5f26a3d822c905e\"},\"headline\":\"Nueva serie de la cadena ARD con Laia Alvarez en un papel de continuidad\",\"datePublished\":\"2024-10-03T10:51:19+00:00\",\"dateModified\":\"2025-03-04T19:14:45+00:00\",\"mainEntityOfPage\":{\"@id\":\"https:\\\/\\\/laia-alvarez.com\\\/es\\\/nueva-serie-de-la-cadena-ard-con-laia-alvarez-en-un-papel-de-continuidad\\\/\"},\"wordCount\":144,\"publisher\":{\"@id\":\"https:\\\/\\\/laia-alvarez.com\\\/#\\\/schema\\\/person\\\/4166490bf542d632c5f26a3d822c905e\"},\"image\":{\"@id\":\"https:\\\/\\\/laia-alvarez.com\\\/es\\\/nueva-serie-de-la-cadena-ard-con-laia-alvarez-en-un-papel-de-continuidad\\\/#primaryimage\"},\"thumbnailUrl\":\"https:\\\/\\\/laia-alvarez.com\\\/wp-content\\\/uploads\\\/2025\\\/03\\\/FUeR-IMMER-SOMMER.jpg\",\"articleSection\":[\"News\"],\"inLanguage\":\"es\"},{\"@type\":\"WebPage\",\"@id\":\"https:\\\/\\\/laia-alvarez.com\\\/es\\\/nueva-serie-de-la-cadena-ard-con-laia-alvarez-en-un-papel-de-continuidad\\\/\",\"url\":\"https:\\\/\\\/laia-alvarez.com\\\/es\\\/nueva-serie-de-la-cadena-ard-con-laia-alvarez-en-un-papel-de-continuidad\\\/\",\"name\":\"Nueva serie de la cadena ARD con Laia Alvarez en un papel de continuidad - Laia Alvarez\",\"isPartOf\":{\"@id\":\"https:\\\/\\\/laia-alvarez.com\\\/#website\"},\"primaryImageOfPage\":{\"@id\":\"https:\\\/\\\/laia-alvarez.com\\\/es\\\/nueva-serie-de-la-cadena-ard-con-laia-alvarez-en-un-papel-de-continuidad\\\/#primaryimage\"},\"image\":{\"@id\":\"https:\\\/\\\/laia-alvarez.com\\\/es\\\/nueva-serie-de-la-cadena-ard-con-laia-alvarez-en-un-papel-de-continuidad\\\/#primaryimage\"},\"thumbnailUrl\":\"https:\\\/\\\/laia-alvarez.com\\\/wp-content\\\/uploads\\\/2025\\\/03\\\/FUeR-IMMER-SOMMER.jpg\",\"datePublished\":\"2024-10-03T10:51:19+00:00\",\"dateModified\":\"2025-03-04T19:14:45+00:00\",\"description\":\"P\u00e1gina web de la actriz Laia Alvarez.\",\"breadcrumb\":{\"@id\":\"https:\\\/\\\/laia-alvarez.com\\\/es\\\/nueva-serie-de-la-cadena-ard-con-laia-alvarez-en-un-papel-de-continuidad\\\/#breadcrumb\"},\"inLanguage\":\"es\",\"potentialAction\":[{\"@type\":\"ReadAction\",\"target\":[\"https:\\\/\\\/laia-alvarez.com\\\/es\\\/nueva-serie-de-la-cadena-ard-con-laia-alvarez-en-un-papel-de-continuidad\\\/\"]}]},{\"@type\":\"ImageObject\",\"inLanguage\":\"es\",\"@id\":\"https:\\\/\\\/laia-alvarez.com\\\/es\\\/nueva-serie-de-la-cadena-ard-con-laia-alvarez-en-un-papel-de-continuidad\\\/#primaryimage\",\"url\":\"https:\\\/\\\/laia-alvarez.com\\\/wp-content\\\/uploads\\\/2025\\\/03\\\/FUeR-IMMER-SOMMER.jpg\",\"contentUrl\":\"https:\\\/\\\/laia-alvarez.com\\\/wp-content\\\/uploads\\\/2025\\\/03\\\/FUeR-IMMER-SOMMER.jpg\",\"width\":1079,\"height\":1080},{\"@type\":\"BreadcrumbList\",\"@id\":\"https:\\\/\\\/laia-alvarez.com\\\/es\\\/nueva-serie-de-la-cadena-ard-con-laia-alvarez-en-un-papel-de-continuidad\\\/#breadcrumb\",\"itemListElement\":[{\"@type\":\"ListItem\",\"position\":1,\"name\":\"Portada\",\"item\":\"https:\\\/\\\/laia-alvarez.com\\\/es\\\/actriz-con-tango\\\/\"},{\"@type\":\"ListItem\",\"position\":2,\"name\":\"Nueva serie de la cadena ARD con Laia Alvarez en un papel de continuidad\"}]},{\"@type\":\"WebSite\",\"@id\":\"https:\\\/\\\/laia-alvarez.com\\\/#website\",\"url\":\"https:\\\/\\\/laia-alvarez.com\\\/\",\"name\":\"Laia Alvarez\",\"description\":\"\",\"publisher\":{\"@id\":\"https:\\\/\\\/laia-alvarez.com\\\/#\\\/schema\\\/person\\\/4166490bf542d632c5f26a3d822c905e\"},\"potentialAction\":[{\"@type\":\"SearchAction\",\"target\":{\"@type\":\"EntryPoint\",\"urlTemplate\":\"https:\\\/\\\/laia-alvarez.com\\\/?s={search_term_string}\"},\"query-input\":{\"@type\":\"PropertyValueSpecification\",\"valueRequired\":true,\"valueName\":\"search_term_string\"}}],\"inLanguage\":\"es\"},{\"@type\":[\"Person\",\"Organization\"],\"@id\":\"https:\\\/\\\/laia-alvarez.com\\\/#\\\/schema\\\/person\\\/4166490bf542d632c5f26a3d822c905e\",\"name\":\"Laia Alvarez\",\"image\":{\"@type\":\"ImageObject\",\"inLanguage\":\"es\",\"@id\":\"https:\\\/\\\/laia-alvarez.com\\\/wp-content\\\/uploads\\\/2019\\\/02\\\/laia-alvarez-actress-04.jpg\",\"url\":\"https:\\\/\\\/laia-alvarez.com\\\/wp-content\\\/uploads\\\/2019\\\/02\\\/laia-alvarez-actress-04.jpg\",\"contentUrl\":\"https:\\\/\\\/laia-alvarez.com\\\/wp-content\\\/uploads\\\/2019\\\/02\\\/laia-alvarez-actress-04.jpg\",\"width\":667,\"height\":1000,\"caption\":\"Laia Alvarez\"},\"logo\":{\"@id\":\"https:\\\/\\\/laia-alvarez.com\\\/wp-content\\\/uploads\\\/2019\\\/02\\\/laia-alvarez-actress-04.jpg\"},\"sameAs\":[\"laia_alvarezz\"]}]}<\/script>\n<!-- \/ Yoast SEO plugin. -->","yoast_head_json":{"title":"Nueva serie de la cadena ARD con Laia Alvarez en un papel de continuidad - Laia Alvarez","description":"P\u00e1gina web de la actriz Laia Alvarez.","robots":{"index":"index","follow":"follow","max-snippet":"max-snippet:-1","max-image-preview":"max-image-preview:large","max-video-preview":"max-video-preview:-1"},"canonical":"https:\/\/laia-alvarez.com\/es\/nueva-serie-de-la-cadena-ard-con-laia-alvarez-en-un-papel-de-continuidad\/","og_locale":"es_ES","og_type":"article","og_title":"Nueva serie de la cadena ARD con Laia Alvarez en un papel de continuidad - Laia Alvarez","og_description":"P\u00e1gina web de la actriz Laia Alvarez.","og_url":"https:\/\/laia-alvarez.com\/es\/nueva-serie-de-la-cadena-ard-con-laia-alvarez-en-un-papel-de-continuidad\/","og_site_name":"Laia Alvarez","article_published_time":"2024-10-03T10:51:19+00:00","article_modified_time":"2025-03-04T19:14:45+00:00","og_image":[{"width":1079,"height":1080,"url":"https:\/\/laia-alvarez.com\/wp-content\/uploads\/2025\/03\/FUeR-IMMER-SOMMER.jpg","type":"image\/jpeg"}],"author":"Laia Alvarez","twitter_card":"summary_large_image","twitter_misc":{"Escrito por":"Laia Alvarez","Tiempo de lectura":"1 minuto"},"schema":{"@context":"https:\/\/schema.org","@graph":[{"@type":"Article","@id":"https:\/\/laia-alvarez.com\/es\/nueva-serie-de-la-cadena-ard-con-laia-alvarez-en-un-papel-de-continuidad\/#article","isPartOf":{"@id":"https:\/\/laia-alvarez.com\/es\/nueva-serie-de-la-cadena-ard-con-laia-alvarez-en-un-papel-de-continuidad\/"},"author":{"name":"Laia Alvarez","@id":"https:\/\/laia-alvarez.com\/#\/schema\/person\/4166490bf542d632c5f26a3d822c905e"},"headline":"Nueva serie de la cadena ARD con Laia Alvarez en un papel de continuidad","datePublished":"2024-10-03T10:51:19+00:00","dateModified":"2025-03-04T19:14:45+00:00","mainEntityOfPage":{"@id":"https:\/\/laia-alvarez.com\/es\/nueva-serie-de-la-cadena-ard-con-laia-alvarez-en-un-papel-de-continuidad\/"},"wordCount":144,"publisher":{"@id":"https:\/\/laia-alvarez.com\/#\/schema\/person\/4166490bf542d632c5f26a3d822c905e"},"image":{"@id":"https:\/\/laia-alvarez.com\/es\/nueva-serie-de-la-cadena-ard-con-laia-alvarez-en-un-papel-de-continuidad\/#primaryimage"},"thumbnailUrl":"https:\/\/laia-alvarez.com\/wp-content\/uploads\/2025\/03\/FUeR-IMMER-SOMMER.jpg","articleSection":["News"],"inLanguage":"es"},{"@type":"WebPage","@id":"https:\/\/laia-alvarez.com\/es\/nueva-serie-de-la-cadena-ard-con-laia-alvarez-en-un-papel-de-continuidad\/","url":"https:\/\/laia-alvarez.com\/es\/nueva-serie-de-la-cadena-ard-con-laia-alvarez-en-un-papel-de-continuidad\/","name":"Nueva serie de la cadena ARD con Laia Alvarez en un papel de continuidad - Laia Alvarez","isPartOf":{"@id":"https:\/\/laia-alvarez.com\/#website"},"primaryImageOfPage":{"@id":"https:\/\/laia-alvarez.com\/es\/nueva-serie-de-la-cadena-ard-con-laia-alvarez-en-un-papel-de-continuidad\/#primaryimage"},"image":{"@id":"https:\/\/laia-alvarez.com\/es\/nueva-serie-de-la-cadena-ard-con-laia-alvarez-en-un-papel-de-continuidad\/#primaryimage"},"thumbnailUrl":"https:\/\/laia-alvarez.com\/wp-content\/uploads\/2025\/03\/FUeR-IMMER-SOMMER.jpg","datePublished":"2024-10-03T10:51:19+00:00","dateModified":"2025-03-04T19:14:45+00:00","description":"P\u00e1gina web de la actriz Laia Alvarez.","breadcrumb":{"@id":"https:\/\/laia-alvarez.com\/es\/nueva-serie-de-la-cadena-ard-con-laia-alvarez-en-un-papel-de-continuidad\/#breadcrumb"},"inLanguage":"es","potentialAction":[{"@type":"ReadAction","target":["https:\/\/laia-alvarez.com\/es\/nueva-serie-de-la-cadena-ard-con-laia-alvarez-en-un-papel-de-continuidad\/"]}]},{"@type":"ImageObject","inLanguage":"es","@id":"https:\/\/laia-alvarez.com\/es\/nueva-serie-de-la-cadena-ard-con-laia-alvarez-en-un-papel-de-continuidad\/#primaryimage","url":"https:\/\/laia-alvarez.com\/wp-content\/uploads\/2025\/03\/FUeR-IMMER-SOMMER.jpg","contentUrl":"https:\/\/laia-alvarez.com\/wp-content\/uploads\/2025\/03\/FUeR-IMMER-SOMMER.jpg","width":1079,"height":1080},{"@type":"BreadcrumbList","@id":"https:\/\/laia-alvarez.com\/es\/nueva-serie-de-la-cadena-ard-con-laia-alvarez-en-un-papel-de-continuidad\/#breadcrumb","itemListElement":[{"@type":"ListItem","position":1,"name":"Portada","item":"https:\/\/laia-alvarez.com\/es\/actriz-con-tango\/"},{"@type":"ListItem","position":2,"name":"Nueva serie de la cadena ARD con Laia Alvarez en un papel de continuidad"}]},{"@type":"WebSite","@id":"https:\/\/laia-alvarez.com\/#website","url":"https:\/\/laia-alvarez.com\/","name":"Laia Alvarez","description":"","publisher":{"@id":"https:\/\/laia-alvarez.com\/#\/schema\/person\/4166490bf542d632c5f26a3d822c905e"},"potentialAction":[{"@type":"SearchAction","target":{"@type":"EntryPoint","urlTemplate":"https:\/\/laia-alvarez.com\/?s={search_term_string}"},"query-input":{"@type":"PropertyValueSpecification","valueRequired":true,"valueName":"search_term_string"}}],"inLanguage":"es"},{"@type":["Person","Organization"],"@id":"https:\/\/laia-alvarez.com\/#\/schema\/person\/4166490bf542d632c5f26a3d822c905e","name":"Laia Alvarez","image":{"@type":"ImageObject","inLanguage":"es","@id":"https:\/\/laia-alvarez.com\/wp-content\/uploads\/2019\/02\/laia-alvarez-actress-04.jpg","url":"https:\/\/laia-alvarez.com\/wp-content\/uploads\/2019\/02\/laia-alvarez-actress-04.jpg","contentUrl":"https:\/\/laia-alvarez.com\/wp-content\/uploads\/2019\/02\/laia-alvarez-actress-04.jpg","width":667,"height":1000,"caption":"Laia Alvarez"},"logo":{"@id":"https:\/\/laia-alvarez.com\/wp-content\/uploads\/2019\/02\/laia-alvarez-actress-04.jpg"},"sameAs":["laia_alvarezz"]}]}},"_links":{"self":[{"href":"https:\/\/laia-alvarez.com\/es\/wp-json\/wp\/v2\/posts\/4598","targetHints":{"allow":["GET"]}}],"collection":[{"href":"https:\/\/laia-alvarez.com\/es\/wp-json\/wp\/v2\/posts"}],"about":[{"href":"https:\/\/laia-alvarez.com\/es\/wp-json\/wp\/v2\/types\/post"}],"author":[{"embeddable":true,"href":"https:\/\/laia-alvarez.com\/es\/wp-json\/wp\/v2\/users\/5"}],"replies":[{"embeddable":true,"href":"https:\/\/laia-alvarez.com\/es\/wp-json\/wp\/v2\/comments?post=4598"}],"version-history":[{"count":3,"href":"https:\/\/laia-alvarez.com\/es\/wp-json\/wp\/v2\/posts\/4598\/revisions"}],"predecessor-version":[{"id":4705,"href":"https:\/\/laia-alvarez.com\/es\/wp-json\/wp\/v2\/posts\/4598\/revisions\/4705"}],"wp:featuredmedia":[{"embeddable":true,"href":"https:\/\/laia-alvarez.com\/es\/wp-json\/wp\/v2\/media\/4599"}],"wp:attachment":[{"href":"https:\/\/laia-alvarez.com\/es\/wp-json\/wp\/v2\/media?parent=4598"}],"wp:term":[{"taxonomy":"category","embeddable":true,"href":"https:\/\/laia-alvarez.com\/es\/wp-json\/wp\/v2\/categories?post=4598"},{"taxonomy":"post_tag","embeddable":true,"href":"https:\/\/laia-alvarez.com\/es\/wp-json\/wp\/v2\/tags?post=4598"}],"curies":[{"name":"wp","href":"https:\/\/api.w.org\/{rel}","templated":true}]}}