{"id":3004,"date":"2022-11-09T13:23:32","date_gmt":"2022-11-09T12:23:32","guid":{"rendered":"https:\/\/laia-alvarez.com\/?p=3004"},"modified":"2025-03-04T20:03:04","modified_gmt":"2025-03-04T19:03:04","slug":"laia-alvarez-en-la-mediateca-online-de-la-cadena-zdf","status":"publish","type":"post","link":"https:\/\/laia-alvarez.com\/es\/laia-alvarez-en-la-mediateca-online-de-la-cadena-zdf\/","title":{"rendered":"Laia Alvarez en la mediateca online de la cadena ZDF"},"content":{"rendered":"<p>La serie alemana sobre aprendices de polic\u00eda BLUTIGE ANF\u00c4NGER ya va por la cuarta temporada. En esta, la actriz interpreta a Benita Wolf, una de las veteranas que formar\u00e1 a Eric Cordes, y que adem\u00e1s, ser\u00e1 la primera en descubrir el cad\u00e1ver de un \u00abaparentemente\u00bb accidente dom\u00e9stico. La serie se puede ver en la mediateca de la cadena p\u00fablica ZDF. En el siguiente link, Laia Alvarez se puede ver a partir del primer minuto:<\/p>\n<p>https:\/\/www.zdf.de\/serien\/blutige-anfaenger\/die-tote-tante-100.html<\/p>\n","protected":false},"excerpt":{"rendered":"<p>La serie alemana sobre aprendices de polic\u00eda BLUTIGE ANF\u00c4NGER ya va por la cuarta temporada. En esta, la actriz interpreta a Benita Wolf, una de las veteranas que formar\u00e1 a Eric Cordes, y que adem\u00e1s, ser\u00e1 la primera en descubrir el cad\u00e1ver de un \u00abaparentemente\u00bb accidente dom\u00e9stico. La serie se puede ver en la mediateca [&hellip;]<\/p>\n","protected":false},"author":5,"featured_media":3005,"comment_status":"closed","ping_status":"closed","sticky":false,"template":"","format":"standard","meta":{"footnotes":""},"categories":[1],"tags":[],"class_list":["post-3004","post","type-post","status-publish","format-standard","has-post-thumbnail","hentry","category-news"],"yoast_head":"<!-- This site is optimized with the Yoast SEO plugin v27.5 - https:\/\/yoast.com\/product\/yoast-seo-wordpress\/ -->\n<title>Laia Alvarez en la mediateca online de la cadena ZDF - Laia Alvarez<\/title>\n<meta name=\"description\" content=\"P\u00e1gina web de la actriz Laia Alvarez.\" \/>\n<meta name=\"robots\" content=\"index, follow, max-snippet:-1, max-image-preview:large, max-video-preview:-1\" \/>\n<link rel=\"canonical\" href=\"https:\/\/laia-alvarez.com\/es\/laia-alvarez-en-la-mediateca-online-de-la-cadena-zdf\/\" \/>\n<meta property=\"og:locale\" content=\"es_ES\" \/>\n<meta property=\"og:type\" content=\"article\" \/>\n<meta property=\"og:title\" content=\"Laia Alvarez en la mediateca online de la cadena ZDF - Laia Alvarez\" \/>\n<meta property=\"og:description\" content=\"P\u00e1gina web de la actriz Laia Alvarez.\" \/>\n<meta property=\"og:url\" content=\"https:\/\/laia-alvarez.com\/es\/laia-alvarez-en-la-mediateca-online-de-la-cadena-zdf\/\" \/>\n<meta property=\"og:site_name\" content=\"Laia Alvarez\" \/>\n<meta property=\"article:published_time\" content=\"2022-11-09T12:23:32+00:00\" \/>\n<meta property=\"article:modified_time\" content=\"2025-03-04T19:03:04+00:00\" \/>\n<meta property=\"og:image\" content=\"https:\/\/laia-alvarez.com\/wp-content\/uploads\/2022\/11\/Screenshot_20221012_181041_com.android.chrome_edit_735246971486244.jpg\" \/>\n\t<meta property=\"og:image:width\" content=\"1080\" \/>\n\t<meta property=\"og:image:height\" content=\"597\" \/>\n\t<meta property=\"og:image:type\" content=\"image\/jpeg\" \/>\n<meta name=\"author\" content=\"Laia Alvarez\" \/>\n<meta name=\"twitter:card\" content=\"summary_large_image\" \/>\n<meta name=\"twitter:label1\" content=\"Escrito por\" \/>\n\t<meta name=\"twitter:data1\" content=\"Laia Alvarez\" \/>\n\t<meta name=\"twitter:label2\" content=\"Tiempo de lectura\" \/>\n\t<meta name=\"twitter:data2\" content=\"1 minuto\" \/>\n<script type=\"application\/ld+json\" class=\"yoast-schema-graph\">{\"@context\":\"https:\\\/\\\/schema.org\",\"@graph\":[{\"@type\":\"Article\",\"@id\":\"https:\\\/\\\/laia-alvarez.com\\\/es\\\/laia-alvarez-en-la-mediateca-online-de-la-cadena-zdf\\\/#article\",\"isPartOf\":{\"@id\":\"https:\\\/\\\/laia-alvarez.com\\\/es\\\/laia-alvarez-en-la-mediateca-online-de-la-cadena-zdf\\\/\"},\"author\":{\"name\":\"Laia Alvarez\",\"@id\":\"https:\\\/\\\/laia-alvarez.com\\\/#\\\/schema\\\/person\\\/4166490bf542d632c5f26a3d822c905e\"},\"headline\":\"Laia Alvarez en la mediateca online de la cadena ZDF\",\"datePublished\":\"2022-11-09T12:23:32+00:00\",\"dateModified\":\"2025-03-04T19:03:04+00:00\",\"mainEntityOfPage\":{\"@id\":\"https:\\\/\\\/laia-alvarez.com\\\/es\\\/laia-alvarez-en-la-mediateca-online-de-la-cadena-zdf\\\/\"},\"wordCount\":98,\"publisher\":{\"@id\":\"https:\\\/\\\/laia-alvarez.com\\\/#\\\/schema\\\/person\\\/4166490bf542d632c5f26a3d822c905e\"},\"image\":{\"@id\":\"https:\\\/\\\/laia-alvarez.com\\\/es\\\/laia-alvarez-en-la-mediateca-online-de-la-cadena-zdf\\\/#primaryimage\"},\"thumbnailUrl\":\"https:\\\/\\\/laia-alvarez.com\\\/wp-content\\\/uploads\\\/2022\\\/11\\\/Screenshot_20221012_181041_com.android.chrome_edit_735246971486244.jpg\",\"articleSection\":[\"News\"],\"inLanguage\":\"es\"},{\"@type\":\"WebPage\",\"@id\":\"https:\\\/\\\/laia-alvarez.com\\\/es\\\/laia-alvarez-en-la-mediateca-online-de-la-cadena-zdf\\\/\",\"url\":\"https:\\\/\\\/laia-alvarez.com\\\/es\\\/laia-alvarez-en-la-mediateca-online-de-la-cadena-zdf\\\/\",\"name\":\"Laia Alvarez en la mediateca online de la cadena ZDF - Laia Alvarez\",\"isPartOf\":{\"@id\":\"https:\\\/\\\/laia-alvarez.com\\\/#website\"},\"primaryImageOfPage\":{\"@id\":\"https:\\\/\\\/laia-alvarez.com\\\/es\\\/laia-alvarez-en-la-mediateca-online-de-la-cadena-zdf\\\/#primaryimage\"},\"image\":{\"@id\":\"https:\\\/\\\/laia-alvarez.com\\\/es\\\/laia-alvarez-en-la-mediateca-online-de-la-cadena-zdf\\\/#primaryimage\"},\"thumbnailUrl\":\"https:\\\/\\\/laia-alvarez.com\\\/wp-content\\\/uploads\\\/2022\\\/11\\\/Screenshot_20221012_181041_com.android.chrome_edit_735246971486244.jpg\",\"datePublished\":\"2022-11-09T12:23:32+00:00\",\"dateModified\":\"2025-03-04T19:03:04+00:00\",\"description\":\"P\u00e1gina web de la actriz Laia Alvarez.\",\"breadcrumb\":{\"@id\":\"https:\\\/\\\/laia-alvarez.com\\\/es\\\/laia-alvarez-en-la-mediateca-online-de-la-cadena-zdf\\\/#breadcrumb\"},\"inLanguage\":\"es\",\"potentialAction\":[{\"@type\":\"ReadAction\",\"target\":[\"https:\\\/\\\/laia-alvarez.com\\\/es\\\/laia-alvarez-en-la-mediateca-online-de-la-cadena-zdf\\\/\"]}]},{\"@type\":\"ImageObject\",\"inLanguage\":\"es\",\"@id\":\"https:\\\/\\\/laia-alvarez.com\\\/es\\\/laia-alvarez-en-la-mediateca-online-de-la-cadena-zdf\\\/#primaryimage\",\"url\":\"https:\\\/\\\/laia-alvarez.com\\\/wp-content\\\/uploads\\\/2022\\\/11\\\/Screenshot_20221012_181041_com.android.chrome_edit_735246971486244.jpg\",\"contentUrl\":\"https:\\\/\\\/laia-alvarez.com\\\/wp-content\\\/uploads\\\/2022\\\/11\\\/Screenshot_20221012_181041_com.android.chrome_edit_735246971486244.jpg\",\"width\":1080,\"height\":597},{\"@type\":\"BreadcrumbList\",\"@id\":\"https:\\\/\\\/laia-alvarez.com\\\/es\\\/laia-alvarez-en-la-mediateca-online-de-la-cadena-zdf\\\/#breadcrumb\",\"itemListElement\":[{\"@type\":\"ListItem\",\"position\":1,\"name\":\"Portada\",\"item\":\"https:\\\/\\\/laia-alvarez.com\\\/es\\\/actriz-con-tango\\\/\"},{\"@type\":\"ListItem\",\"position\":2,\"name\":\"Laia Alvarez en la mediateca online de la cadena ZDF\"}]},{\"@type\":\"WebSite\",\"@id\":\"https:\\\/\\\/laia-alvarez.com\\\/#website\",\"url\":\"https:\\\/\\\/laia-alvarez.com\\\/\",\"name\":\"Laia Alvarez\",\"description\":\"\",\"publisher\":{\"@id\":\"https:\\\/\\\/laia-alvarez.com\\\/#\\\/schema\\\/person\\\/4166490bf542d632c5f26a3d822c905e\"},\"potentialAction\":[{\"@type\":\"SearchAction\",\"target\":{\"@type\":\"EntryPoint\",\"urlTemplate\":\"https:\\\/\\\/laia-alvarez.com\\\/?s={search_term_string}\"},\"query-input\":{\"@type\":\"PropertyValueSpecification\",\"valueRequired\":true,\"valueName\":\"search_term_string\"}}],\"inLanguage\":\"es\"},{\"@type\":[\"Person\",\"Organization\"],\"@id\":\"https:\\\/\\\/laia-alvarez.com\\\/#\\\/schema\\\/person\\\/4166490bf542d632c5f26a3d822c905e\",\"name\":\"Laia Alvarez\",\"image\":{\"@type\":\"ImageObject\",\"inLanguage\":\"es\",\"@id\":\"https:\\\/\\\/laia-alvarez.com\\\/wp-content\\\/uploads\\\/2019\\\/02\\\/laia-alvarez-actress-04.jpg\",\"url\":\"https:\\\/\\\/laia-alvarez.com\\\/wp-content\\\/uploads\\\/2019\\\/02\\\/laia-alvarez-actress-04.jpg\",\"contentUrl\":\"https:\\\/\\\/laia-alvarez.com\\\/wp-content\\\/uploads\\\/2019\\\/02\\\/laia-alvarez-actress-04.jpg\",\"width\":667,\"height\":1000,\"caption\":\"Laia Alvarez\"},\"logo\":{\"@id\":\"https:\\\/\\\/laia-alvarez.com\\\/wp-content\\\/uploads\\\/2019\\\/02\\\/laia-alvarez-actress-04.jpg\"},\"sameAs\":[\"laia_alvarezz\"]}]}<\/script>\n<!-- \/ Yoast SEO plugin. -->","yoast_head_json":{"title":"Laia Alvarez en la mediateca online de la cadena ZDF - Laia Alvarez","description":"P\u00e1gina web de la actriz Laia Alvarez.","robots":{"index":"index","follow":"follow","max-snippet":"max-snippet:-1","max-image-preview":"max-image-preview:large","max-video-preview":"max-video-preview:-1"},"canonical":"https:\/\/laia-alvarez.com\/es\/laia-alvarez-en-la-mediateca-online-de-la-cadena-zdf\/","og_locale":"es_ES","og_type":"article","og_title":"Laia Alvarez en la mediateca online de la cadena ZDF - Laia Alvarez","og_description":"P\u00e1gina web de la actriz Laia Alvarez.","og_url":"https:\/\/laia-alvarez.com\/es\/laia-alvarez-en-la-mediateca-online-de-la-cadena-zdf\/","og_site_name":"Laia Alvarez","article_published_time":"2022-11-09T12:23:32+00:00","article_modified_time":"2025-03-04T19:03:04+00:00","og_image":[{"width":1080,"height":597,"url":"https:\/\/laia-alvarez.com\/wp-content\/uploads\/2022\/11\/Screenshot_20221012_181041_com.android.chrome_edit_735246971486244.jpg","type":"image\/jpeg"}],"author":"Laia Alvarez","twitter_card":"summary_large_image","twitter_misc":{"Escrito por":"Laia Alvarez","Tiempo de lectura":"1 minuto"},"schema":{"@context":"https:\/\/schema.org","@graph":[{"@type":"Article","@id":"https:\/\/laia-alvarez.com\/es\/laia-alvarez-en-la-mediateca-online-de-la-cadena-zdf\/#article","isPartOf":{"@id":"https:\/\/laia-alvarez.com\/es\/laia-alvarez-en-la-mediateca-online-de-la-cadena-zdf\/"},"author":{"name":"Laia Alvarez","@id":"https:\/\/laia-alvarez.com\/#\/schema\/person\/4166490bf542d632c5f26a3d822c905e"},"headline":"Laia Alvarez en la mediateca online de la cadena ZDF","datePublished":"2022-11-09T12:23:32+00:00","dateModified":"2025-03-04T19:03:04+00:00","mainEntityOfPage":{"@id":"https:\/\/laia-alvarez.com\/es\/laia-alvarez-en-la-mediateca-online-de-la-cadena-zdf\/"},"wordCount":98,"publisher":{"@id":"https:\/\/laia-alvarez.com\/#\/schema\/person\/4166490bf542d632c5f26a3d822c905e"},"image":{"@id":"https:\/\/laia-alvarez.com\/es\/laia-alvarez-en-la-mediateca-online-de-la-cadena-zdf\/#primaryimage"},"thumbnailUrl":"https:\/\/laia-alvarez.com\/wp-content\/uploads\/2022\/11\/Screenshot_20221012_181041_com.android.chrome_edit_735246971486244.jpg","articleSection":["News"],"inLanguage":"es"},{"@type":"WebPage","@id":"https:\/\/laia-alvarez.com\/es\/laia-alvarez-en-la-mediateca-online-de-la-cadena-zdf\/","url":"https:\/\/laia-alvarez.com\/es\/laia-alvarez-en-la-mediateca-online-de-la-cadena-zdf\/","name":"Laia Alvarez en la mediateca online de la cadena ZDF - Laia Alvarez","isPartOf":{"@id":"https:\/\/laia-alvarez.com\/#website"},"primaryImageOfPage":{"@id":"https:\/\/laia-alvarez.com\/es\/laia-alvarez-en-la-mediateca-online-de-la-cadena-zdf\/#primaryimage"},"image":{"@id":"https:\/\/laia-alvarez.com\/es\/laia-alvarez-en-la-mediateca-online-de-la-cadena-zdf\/#primaryimage"},"thumbnailUrl":"https:\/\/laia-alvarez.com\/wp-content\/uploads\/2022\/11\/Screenshot_20221012_181041_com.android.chrome_edit_735246971486244.jpg","datePublished":"2022-11-09T12:23:32+00:00","dateModified":"2025-03-04T19:03:04+00:00","description":"P\u00e1gina web de la actriz Laia Alvarez.","breadcrumb":{"@id":"https:\/\/laia-alvarez.com\/es\/laia-alvarez-en-la-mediateca-online-de-la-cadena-zdf\/#breadcrumb"},"inLanguage":"es","potentialAction":[{"@type":"ReadAction","target":["https:\/\/laia-alvarez.com\/es\/laia-alvarez-en-la-mediateca-online-de-la-cadena-zdf\/"]}]},{"@type":"ImageObject","inLanguage":"es","@id":"https:\/\/laia-alvarez.com\/es\/laia-alvarez-en-la-mediateca-online-de-la-cadena-zdf\/#primaryimage","url":"https:\/\/laia-alvarez.com\/wp-content\/uploads\/2022\/11\/Screenshot_20221012_181041_com.android.chrome_edit_735246971486244.jpg","contentUrl":"https:\/\/laia-alvarez.com\/wp-content\/uploads\/2022\/11\/Screenshot_20221012_181041_com.android.chrome_edit_735246971486244.jpg","width":1080,"height":597},{"@type":"BreadcrumbList","@id":"https:\/\/laia-alvarez.com\/es\/laia-alvarez-en-la-mediateca-online-de-la-cadena-zdf\/#breadcrumb","itemListElement":[{"@type":"ListItem","position":1,"name":"Portada","item":"https:\/\/laia-alvarez.com\/es\/actriz-con-tango\/"},{"@type":"ListItem","position":2,"name":"Laia Alvarez en la mediateca online de la cadena ZDF"}]},{"@type":"WebSite","@id":"https:\/\/laia-alvarez.com\/#website","url":"https:\/\/laia-alvarez.com\/","name":"Laia Alvarez","description":"","publisher":{"@id":"https:\/\/laia-alvarez.com\/#\/schema\/person\/4166490bf542d632c5f26a3d822c905e"},"potentialAction":[{"@type":"SearchAction","target":{"@type":"EntryPoint","urlTemplate":"https:\/\/laia-alvarez.com\/?s={search_term_string}"},"query-input":{"@type":"PropertyValueSpecification","valueRequired":true,"valueName":"search_term_string"}}],"inLanguage":"es"},{"@type":["Person","Organization"],"@id":"https:\/\/laia-alvarez.com\/#\/schema\/person\/4166490bf542d632c5f26a3d822c905e","name":"Laia Alvarez","image":{"@type":"ImageObject","inLanguage":"es","@id":"https:\/\/laia-alvarez.com\/wp-content\/uploads\/2019\/02\/laia-alvarez-actress-04.jpg","url":"https:\/\/laia-alvarez.com\/wp-content\/uploads\/2019\/02\/laia-alvarez-actress-04.jpg","contentUrl":"https:\/\/laia-alvarez.com\/wp-content\/uploads\/2019\/02\/laia-alvarez-actress-04.jpg","width":667,"height":1000,"caption":"Laia Alvarez"},"logo":{"@id":"https:\/\/laia-alvarez.com\/wp-content\/uploads\/2019\/02\/laia-alvarez-actress-04.jpg"},"sameAs":["laia_alvarezz"]}]}},"_links":{"self":[{"href":"https:\/\/laia-alvarez.com\/es\/wp-json\/wp\/v2\/posts\/3004","targetHints":{"allow":["GET"]}}],"collection":[{"href":"https:\/\/laia-alvarez.com\/es\/wp-json\/wp\/v2\/posts"}],"about":[{"href":"https:\/\/laia-alvarez.com\/es\/wp-json\/wp\/v2\/types\/post"}],"author":[{"embeddable":true,"href":"https:\/\/laia-alvarez.com\/es\/wp-json\/wp\/v2\/users\/5"}],"replies":[{"embeddable":true,"href":"https:\/\/laia-alvarez.com\/es\/wp-json\/wp\/v2\/comments?post=3004"}],"version-history":[{"count":3,"href":"https:\/\/laia-alvarez.com\/es\/wp-json\/wp\/v2\/posts\/3004\/revisions"}],"predecessor-version":[{"id":4693,"href":"https:\/\/laia-alvarez.com\/es\/wp-json\/wp\/v2\/posts\/3004\/revisions\/4693"}],"wp:featuredmedia":[{"embeddable":true,"href":"https:\/\/laia-alvarez.com\/es\/wp-json\/wp\/v2\/media\/3005"}],"wp:attachment":[{"href":"https:\/\/laia-alvarez.com\/es\/wp-json\/wp\/v2\/media?parent=3004"}],"wp:term":[{"taxonomy":"category","embeddable":true,"href":"https:\/\/laia-alvarez.com\/es\/wp-json\/wp\/v2\/categories?post=3004"},{"taxonomy":"post_tag","embeddable":true,"href":"https:\/\/laia-alvarez.com\/es\/wp-json\/wp\/v2\/tags?post=3004"}],"curies":[{"name":"wp","href":"https:\/\/api.w.org\/{rel}","templated":true}]}}