{"id":2910,"date":"2022-05-23T09:02:02","date_gmt":"2022-05-23T07:02:02","guid":{"rendered":"https:\/\/laia-alvarez.com\/?p=2910"},"modified":"2025-03-04T20:05:37","modified_gmt":"2025-03-04T19:05:37","slug":"rodaje-para-la-serie-policiaca-de-zdf-bajo-la-direccion-de-philipp-eichholtz","status":"publish","type":"post","link":"https:\/\/laia-alvarez.com\/es\/rodaje-para-la-serie-policiaca-de-zdf-bajo-la-direccion-de-philipp-eichholtz\/","title":{"rendered":"Rodaje junto al director alem\u00e1n que inaugur\u00f3 la BERLINALE, Philipp Eichholtz"},"content":{"rendered":"<p>El director cuya pel\u00edcula inaugur\u00f3 la BERLINALE de 2018, Philipp Eichholtz, con su debut\u00a0 R\u00dcCKENWIND VON VORN, se encarga esta vez de dirigir la nueva temporada de la serie BLUTIGE ANF\u00c4NGER, d\u00f3nde Laia Alvarez interpreta el personaje de Benita Wolf. Laia Alvarez ser\u00e1 la jefa de turno de la patrulla \u00abPaula 14\u00bb. Su personaje ense\u00f1ar\u00e1 a Philipp, su alumno, c\u00f3mo actuar seg\u00fan circunstancias poco comunes, adem\u00e1s de ser co-descubridora de un homicidio algo dudoso. La nueva temporada podr\u00e1 verse en la cadena ZDF y en la mediateca online de la misma cadena. Casting: Karen Wendland. Producci\u00f3n: Studio Tv Film<\/p>\n","protected":false},"excerpt":{"rendered":"<p>El director cuya pel\u00edcula inaugur\u00f3 la BERLINALE de 2018, Philipp Eichholtz, con su debut\u00a0 R\u00dcCKENWIND VON VORN, se encarga esta vez de dirigir la nueva temporada de la serie BLUTIGE ANF\u00c4NGER, d\u00f3nde Laia Alvarez interpreta el personaje de Benita Wolf. Laia Alvarez ser\u00e1 la jefa de turno de la patrulla \u00abPaula 14\u00bb. Su personaje ense\u00f1ar\u00e1 [&hellip;]<\/p>\n","protected":false},"author":5,"featured_media":2911,"comment_status":"closed","ping_status":"closed","sticky":false,"template":"","format":"standard","meta":{"footnotes":""},"categories":[1],"tags":[],"class_list":["post-2910","post","type-post","status-publish","format-standard","has-post-thumbnail","hentry","category-news"],"yoast_head":"<!-- This site is optimized with the Yoast SEO plugin v27.5 - https:\/\/yoast.com\/product\/yoast-seo-wordpress\/ -->\n<title>Rodaje junto al director alem\u00e1n que inaugur\u00f3 la BERLINALE, Philipp Eichholtz - Laia Alvarez<\/title>\n<meta name=\"description\" content=\"P\u00e1gina web de la actriz Laia Alvarez.\" \/>\n<meta name=\"robots\" content=\"index, follow, max-snippet:-1, max-image-preview:large, max-video-preview:-1\" \/>\n<link rel=\"canonical\" href=\"https:\/\/laia-alvarez.com\/es\/rodaje-para-la-serie-policiaca-de-zdf-bajo-la-direccion-de-philipp-eichholtz\/\" \/>\n<meta property=\"og:locale\" content=\"es_ES\" \/>\n<meta property=\"og:type\" content=\"article\" \/>\n<meta property=\"og:title\" content=\"Rodaje junto al director alem\u00e1n que inaugur\u00f3 la BERLINALE, Philipp Eichholtz - Laia Alvarez\" \/>\n<meta property=\"og:description\" content=\"P\u00e1gina web de la actriz Laia Alvarez.\" \/>\n<meta property=\"og:url\" content=\"https:\/\/laia-alvarez.com\/es\/rodaje-para-la-serie-policiaca-de-zdf-bajo-la-direccion-de-philipp-eichholtz\/\" \/>\n<meta property=\"og:site_name\" content=\"Laia Alvarez\" \/>\n<meta property=\"article:published_time\" content=\"2022-05-23T07:02:02+00:00\" \/>\n<meta property=\"article:modified_time\" content=\"2025-03-04T19:05:37+00:00\" \/>\n<meta property=\"og:image\" content=\"https:\/\/laia-alvarez.com\/wp-content\/uploads\/2022\/05\/1409391.entity-1.jpg\" \/>\n\t<meta property=\"og:image:width\" content=\"464\" \/>\n\t<meta property=\"og:image:height\" content=\"533\" \/>\n\t<meta property=\"og:image:type\" content=\"image\/jpeg\" \/>\n<meta name=\"author\" content=\"Laia Alvarez\" \/>\n<meta name=\"twitter:card\" content=\"summary_large_image\" \/>\n<meta name=\"twitter:label1\" content=\"Escrito por\" \/>\n\t<meta name=\"twitter:data1\" content=\"Laia Alvarez\" \/>\n\t<meta name=\"twitter:label2\" content=\"Tiempo de lectura\" \/>\n\t<meta name=\"twitter:data2\" content=\"1 minuto\" \/>\n<script type=\"application\/ld+json\" class=\"yoast-schema-graph\">{\"@context\":\"https:\\\/\\\/schema.org\",\"@graph\":[{\"@type\":\"Article\",\"@id\":\"https:\\\/\\\/laia-alvarez.com\\\/es\\\/rodaje-para-la-serie-policiaca-de-zdf-bajo-la-direccion-de-philipp-eichholtz\\\/#article\",\"isPartOf\":{\"@id\":\"https:\\\/\\\/laia-alvarez.com\\\/es\\\/rodaje-para-la-serie-policiaca-de-zdf-bajo-la-direccion-de-philipp-eichholtz\\\/\"},\"author\":{\"name\":\"Laia Alvarez\",\"@id\":\"https:\\\/\\\/laia-alvarez.com\\\/#\\\/schema\\\/person\\\/4166490bf542d632c5f26a3d822c905e\"},\"headline\":\"Rodaje junto al director alem\u00e1n que inaugur\u00f3 la BERLINALE, Philipp Eichholtz\",\"datePublished\":\"2022-05-23T07:02:02+00:00\",\"dateModified\":\"2025-03-04T19:05:37+00:00\",\"mainEntityOfPage\":{\"@id\":\"https:\\\/\\\/laia-alvarez.com\\\/es\\\/rodaje-para-la-serie-policiaca-de-zdf-bajo-la-direccion-de-philipp-eichholtz\\\/\"},\"wordCount\":118,\"publisher\":{\"@id\":\"https:\\\/\\\/laia-alvarez.com\\\/#\\\/schema\\\/person\\\/4166490bf542d632c5f26a3d822c905e\"},\"image\":{\"@id\":\"https:\\\/\\\/laia-alvarez.com\\\/es\\\/rodaje-para-la-serie-policiaca-de-zdf-bajo-la-direccion-de-philipp-eichholtz\\\/#primaryimage\"},\"thumbnailUrl\":\"https:\\\/\\\/laia-alvarez.com\\\/wp-content\\\/uploads\\\/2022\\\/05\\\/1409391.entity-1.jpg\",\"articleSection\":[\"News\"],\"inLanguage\":\"es\"},{\"@type\":\"WebPage\",\"@id\":\"https:\\\/\\\/laia-alvarez.com\\\/es\\\/rodaje-para-la-serie-policiaca-de-zdf-bajo-la-direccion-de-philipp-eichholtz\\\/\",\"url\":\"https:\\\/\\\/laia-alvarez.com\\\/es\\\/rodaje-para-la-serie-policiaca-de-zdf-bajo-la-direccion-de-philipp-eichholtz\\\/\",\"name\":\"Rodaje junto al director alem\u00e1n que inaugur\u00f3 la BERLINALE, Philipp Eichholtz - Laia Alvarez\",\"isPartOf\":{\"@id\":\"https:\\\/\\\/laia-alvarez.com\\\/#website\"},\"primaryImageOfPage\":{\"@id\":\"https:\\\/\\\/laia-alvarez.com\\\/es\\\/rodaje-para-la-serie-policiaca-de-zdf-bajo-la-direccion-de-philipp-eichholtz\\\/#primaryimage\"},\"image\":{\"@id\":\"https:\\\/\\\/laia-alvarez.com\\\/es\\\/rodaje-para-la-serie-policiaca-de-zdf-bajo-la-direccion-de-philipp-eichholtz\\\/#primaryimage\"},\"thumbnailUrl\":\"https:\\\/\\\/laia-alvarez.com\\\/wp-content\\\/uploads\\\/2022\\\/05\\\/1409391.entity-1.jpg\",\"datePublished\":\"2022-05-23T07:02:02+00:00\",\"dateModified\":\"2025-03-04T19:05:37+00:00\",\"description\":\"P\u00e1gina web de la actriz Laia Alvarez.\",\"breadcrumb\":{\"@id\":\"https:\\\/\\\/laia-alvarez.com\\\/es\\\/rodaje-para-la-serie-policiaca-de-zdf-bajo-la-direccion-de-philipp-eichholtz\\\/#breadcrumb\"},\"inLanguage\":\"es\",\"potentialAction\":[{\"@type\":\"ReadAction\",\"target\":[\"https:\\\/\\\/laia-alvarez.com\\\/es\\\/rodaje-para-la-serie-policiaca-de-zdf-bajo-la-direccion-de-philipp-eichholtz\\\/\"]}]},{\"@type\":\"ImageObject\",\"inLanguage\":\"es\",\"@id\":\"https:\\\/\\\/laia-alvarez.com\\\/es\\\/rodaje-para-la-serie-policiaca-de-zdf-bajo-la-direccion-de-philipp-eichholtz\\\/#primaryimage\",\"url\":\"https:\\\/\\\/laia-alvarez.com\\\/wp-content\\\/uploads\\\/2022\\\/05\\\/1409391.entity-1.jpg\",\"contentUrl\":\"https:\\\/\\\/laia-alvarez.com\\\/wp-content\\\/uploads\\\/2022\\\/05\\\/1409391.entity-1.jpg\",\"width\":464,\"height\":533},{\"@type\":\"BreadcrumbList\",\"@id\":\"https:\\\/\\\/laia-alvarez.com\\\/es\\\/rodaje-para-la-serie-policiaca-de-zdf-bajo-la-direccion-de-philipp-eichholtz\\\/#breadcrumb\",\"itemListElement\":[{\"@type\":\"ListItem\",\"position\":1,\"name\":\"Portada\",\"item\":\"https:\\\/\\\/laia-alvarez.com\\\/es\\\/actriz-con-tango\\\/\"},{\"@type\":\"ListItem\",\"position\":2,\"name\":\"Rodaje junto al director alem\u00e1n que inaugur\u00f3 la BERLINALE, Philipp Eichholtz\"}]},{\"@type\":\"WebSite\",\"@id\":\"https:\\\/\\\/laia-alvarez.com\\\/#website\",\"url\":\"https:\\\/\\\/laia-alvarez.com\\\/\",\"name\":\"Laia Alvarez\",\"description\":\"\",\"publisher\":{\"@id\":\"https:\\\/\\\/laia-alvarez.com\\\/#\\\/schema\\\/person\\\/4166490bf542d632c5f26a3d822c905e\"},\"potentialAction\":[{\"@type\":\"SearchAction\",\"target\":{\"@type\":\"EntryPoint\",\"urlTemplate\":\"https:\\\/\\\/laia-alvarez.com\\\/?s={search_term_string}\"},\"query-input\":{\"@type\":\"PropertyValueSpecification\",\"valueRequired\":true,\"valueName\":\"search_term_string\"}}],\"inLanguage\":\"es\"},{\"@type\":[\"Person\",\"Organization\"],\"@id\":\"https:\\\/\\\/laia-alvarez.com\\\/#\\\/schema\\\/person\\\/4166490bf542d632c5f26a3d822c905e\",\"name\":\"Laia Alvarez\",\"image\":{\"@type\":\"ImageObject\",\"inLanguage\":\"es\",\"@id\":\"https:\\\/\\\/laia-alvarez.com\\\/wp-content\\\/uploads\\\/2019\\\/02\\\/laia-alvarez-actress-04.jpg\",\"url\":\"https:\\\/\\\/laia-alvarez.com\\\/wp-content\\\/uploads\\\/2019\\\/02\\\/laia-alvarez-actress-04.jpg\",\"contentUrl\":\"https:\\\/\\\/laia-alvarez.com\\\/wp-content\\\/uploads\\\/2019\\\/02\\\/laia-alvarez-actress-04.jpg\",\"width\":667,\"height\":1000,\"caption\":\"Laia Alvarez\"},\"logo\":{\"@id\":\"https:\\\/\\\/laia-alvarez.com\\\/wp-content\\\/uploads\\\/2019\\\/02\\\/laia-alvarez-actress-04.jpg\"},\"sameAs\":[\"laia_alvarezz\"]}]}<\/script>\n<!-- \/ Yoast SEO plugin. -->","yoast_head_json":{"title":"Rodaje junto al director alem\u00e1n que inaugur\u00f3 la BERLINALE, Philipp Eichholtz - Laia Alvarez","description":"P\u00e1gina web de la actriz Laia Alvarez.","robots":{"index":"index","follow":"follow","max-snippet":"max-snippet:-1","max-image-preview":"max-image-preview:large","max-video-preview":"max-video-preview:-1"},"canonical":"https:\/\/laia-alvarez.com\/es\/rodaje-para-la-serie-policiaca-de-zdf-bajo-la-direccion-de-philipp-eichholtz\/","og_locale":"es_ES","og_type":"article","og_title":"Rodaje junto al director alem\u00e1n que inaugur\u00f3 la BERLINALE, Philipp Eichholtz - Laia Alvarez","og_description":"P\u00e1gina web de la actriz Laia Alvarez.","og_url":"https:\/\/laia-alvarez.com\/es\/rodaje-para-la-serie-policiaca-de-zdf-bajo-la-direccion-de-philipp-eichholtz\/","og_site_name":"Laia Alvarez","article_published_time":"2022-05-23T07:02:02+00:00","article_modified_time":"2025-03-04T19:05:37+00:00","og_image":[{"width":464,"height":533,"url":"https:\/\/laia-alvarez.com\/wp-content\/uploads\/2022\/05\/1409391.entity-1.jpg","type":"image\/jpeg"}],"author":"Laia Alvarez","twitter_card":"summary_large_image","twitter_misc":{"Escrito por":"Laia Alvarez","Tiempo de lectura":"1 minuto"},"schema":{"@context":"https:\/\/schema.org","@graph":[{"@type":"Article","@id":"https:\/\/laia-alvarez.com\/es\/rodaje-para-la-serie-policiaca-de-zdf-bajo-la-direccion-de-philipp-eichholtz\/#article","isPartOf":{"@id":"https:\/\/laia-alvarez.com\/es\/rodaje-para-la-serie-policiaca-de-zdf-bajo-la-direccion-de-philipp-eichholtz\/"},"author":{"name":"Laia Alvarez","@id":"https:\/\/laia-alvarez.com\/#\/schema\/person\/4166490bf542d632c5f26a3d822c905e"},"headline":"Rodaje junto al director alem\u00e1n que inaugur\u00f3 la BERLINALE, Philipp Eichholtz","datePublished":"2022-05-23T07:02:02+00:00","dateModified":"2025-03-04T19:05:37+00:00","mainEntityOfPage":{"@id":"https:\/\/laia-alvarez.com\/es\/rodaje-para-la-serie-policiaca-de-zdf-bajo-la-direccion-de-philipp-eichholtz\/"},"wordCount":118,"publisher":{"@id":"https:\/\/laia-alvarez.com\/#\/schema\/person\/4166490bf542d632c5f26a3d822c905e"},"image":{"@id":"https:\/\/laia-alvarez.com\/es\/rodaje-para-la-serie-policiaca-de-zdf-bajo-la-direccion-de-philipp-eichholtz\/#primaryimage"},"thumbnailUrl":"https:\/\/laia-alvarez.com\/wp-content\/uploads\/2022\/05\/1409391.entity-1.jpg","articleSection":["News"],"inLanguage":"es"},{"@type":"WebPage","@id":"https:\/\/laia-alvarez.com\/es\/rodaje-para-la-serie-policiaca-de-zdf-bajo-la-direccion-de-philipp-eichholtz\/","url":"https:\/\/laia-alvarez.com\/es\/rodaje-para-la-serie-policiaca-de-zdf-bajo-la-direccion-de-philipp-eichholtz\/","name":"Rodaje junto al director alem\u00e1n que inaugur\u00f3 la BERLINALE, Philipp Eichholtz - Laia Alvarez","isPartOf":{"@id":"https:\/\/laia-alvarez.com\/#website"},"primaryImageOfPage":{"@id":"https:\/\/laia-alvarez.com\/es\/rodaje-para-la-serie-policiaca-de-zdf-bajo-la-direccion-de-philipp-eichholtz\/#primaryimage"},"image":{"@id":"https:\/\/laia-alvarez.com\/es\/rodaje-para-la-serie-policiaca-de-zdf-bajo-la-direccion-de-philipp-eichholtz\/#primaryimage"},"thumbnailUrl":"https:\/\/laia-alvarez.com\/wp-content\/uploads\/2022\/05\/1409391.entity-1.jpg","datePublished":"2022-05-23T07:02:02+00:00","dateModified":"2025-03-04T19:05:37+00:00","description":"P\u00e1gina web de la actriz Laia Alvarez.","breadcrumb":{"@id":"https:\/\/laia-alvarez.com\/es\/rodaje-para-la-serie-policiaca-de-zdf-bajo-la-direccion-de-philipp-eichholtz\/#breadcrumb"},"inLanguage":"es","potentialAction":[{"@type":"ReadAction","target":["https:\/\/laia-alvarez.com\/es\/rodaje-para-la-serie-policiaca-de-zdf-bajo-la-direccion-de-philipp-eichholtz\/"]}]},{"@type":"ImageObject","inLanguage":"es","@id":"https:\/\/laia-alvarez.com\/es\/rodaje-para-la-serie-policiaca-de-zdf-bajo-la-direccion-de-philipp-eichholtz\/#primaryimage","url":"https:\/\/laia-alvarez.com\/wp-content\/uploads\/2022\/05\/1409391.entity-1.jpg","contentUrl":"https:\/\/laia-alvarez.com\/wp-content\/uploads\/2022\/05\/1409391.entity-1.jpg","width":464,"height":533},{"@type":"BreadcrumbList","@id":"https:\/\/laia-alvarez.com\/es\/rodaje-para-la-serie-policiaca-de-zdf-bajo-la-direccion-de-philipp-eichholtz\/#breadcrumb","itemListElement":[{"@type":"ListItem","position":1,"name":"Portada","item":"https:\/\/laia-alvarez.com\/es\/actriz-con-tango\/"},{"@type":"ListItem","position":2,"name":"Rodaje junto al director alem\u00e1n que inaugur\u00f3 la BERLINALE, Philipp Eichholtz"}]},{"@type":"WebSite","@id":"https:\/\/laia-alvarez.com\/#website","url":"https:\/\/laia-alvarez.com\/","name":"Laia Alvarez","description":"","publisher":{"@id":"https:\/\/laia-alvarez.com\/#\/schema\/person\/4166490bf542d632c5f26a3d822c905e"},"potentialAction":[{"@type":"SearchAction","target":{"@type":"EntryPoint","urlTemplate":"https:\/\/laia-alvarez.com\/?s={search_term_string}"},"query-input":{"@type":"PropertyValueSpecification","valueRequired":true,"valueName":"search_term_string"}}],"inLanguage":"es"},{"@type":["Person","Organization"],"@id":"https:\/\/laia-alvarez.com\/#\/schema\/person\/4166490bf542d632c5f26a3d822c905e","name":"Laia Alvarez","image":{"@type":"ImageObject","inLanguage":"es","@id":"https:\/\/laia-alvarez.com\/wp-content\/uploads\/2019\/02\/laia-alvarez-actress-04.jpg","url":"https:\/\/laia-alvarez.com\/wp-content\/uploads\/2019\/02\/laia-alvarez-actress-04.jpg","contentUrl":"https:\/\/laia-alvarez.com\/wp-content\/uploads\/2019\/02\/laia-alvarez-actress-04.jpg","width":667,"height":1000,"caption":"Laia Alvarez"},"logo":{"@id":"https:\/\/laia-alvarez.com\/wp-content\/uploads\/2019\/02\/laia-alvarez-actress-04.jpg"},"sameAs":["laia_alvarezz"]}]}},"_links":{"self":[{"href":"https:\/\/laia-alvarez.com\/es\/wp-json\/wp\/v2\/posts\/2910","targetHints":{"allow":["GET"]}}],"collection":[{"href":"https:\/\/laia-alvarez.com\/es\/wp-json\/wp\/v2\/posts"}],"about":[{"href":"https:\/\/laia-alvarez.com\/es\/wp-json\/wp\/v2\/types\/post"}],"author":[{"embeddable":true,"href":"https:\/\/laia-alvarez.com\/es\/wp-json\/wp\/v2\/users\/5"}],"replies":[{"embeddable":true,"href":"https:\/\/laia-alvarez.com\/es\/wp-json\/wp\/v2\/comments?post=2910"}],"version-history":[{"count":3,"href":"https:\/\/laia-alvarez.com\/es\/wp-json\/wp\/v2\/posts\/2910\/revisions"}],"predecessor-version":[{"id":4695,"href":"https:\/\/laia-alvarez.com\/es\/wp-json\/wp\/v2\/posts\/2910\/revisions\/4695"}],"wp:featuredmedia":[{"embeddable":true,"href":"https:\/\/laia-alvarez.com\/es\/wp-json\/wp\/v2\/media\/2911"}],"wp:attachment":[{"href":"https:\/\/laia-alvarez.com\/es\/wp-json\/wp\/v2\/media?parent=2910"}],"wp:term":[{"taxonomy":"category","embeddable":true,"href":"https:\/\/laia-alvarez.com\/es\/wp-json\/wp\/v2\/categories?post=2910"},{"taxonomy":"post_tag","embeddable":true,"href":"https:\/\/laia-alvarez.com\/es\/wp-json\/wp\/v2\/tags?post=2910"}],"curies":[{"name":"wp","href":"https:\/\/api.w.org\/{rel}","templated":true}]}}