{"id":1812,"date":"2019-05-08T22:37:29","date_gmt":"2019-05-08T20:37:29","guid":{"rendered":"https:\/\/laia-alvarez.com\/?p=1812"},"modified":"2025-03-04T19:58:15","modified_gmt":"2025-03-04T18:58:15","slug":"candela-quiere-ser-madre-en-com-si-fos-ahir-tv3","status":"publish","type":"post","link":"https:\/\/laia-alvarez.com\/es\/candela-quiere-ser-madre-en-com-si-fos-ahir-tv3\/","title":{"rendered":"Candela quiere ser madre en COM SI FOS AHIR (TV3)"},"content":{"rendered":"<p>Laia Alvarez ser\u00e1\u00a0<i>Candela<\/i>, una feminista antisistema muy buena amiga de\u00a0<i>Eloi<\/i>\u00a0(Enric Auquer).<br \/>\n<i>Candela<\/i>\u00a0desea cumplir el sue\u00f1o que\u00a0<i>Xavi<\/i>\u00a0(Ram\u00f3n Pujol) no pudo cumplir con su ex (Maria Rodr\u00edguez-<i>LOS D\u00cdAS QUE VENDR\u00c1N<\/i>); pero no a cualquier precio.<\/p>\n<p><a href=\"https:\/\/www.ccma.cat\/tv3\/com-si-fos-ahir\/\" target=\"_blank\" rel=\"noopener noreferrer\">https:\/\/www.ccma.cat\/tv3\/com-si-fos-ahir\/<\/a><\/p>\n<p><iframe title=\"Com si fos ahir TV3 CAT\" src=\"https:\/\/player.vimeo.com\/video\/332636768?dnt=1&amp;app_id=122963\" width=\"800\" height=\"450\" frameborder=\"0\" allow=\"autoplay; fullscreen; picture-in-picture; clipboard-write; encrypted-media\"><\/iframe><\/p>\n","protected":false},"excerpt":{"rendered":"<p>Laia Alvarez ser\u00e1\u00a0Candela, una feminista antisistema muy buena amiga de\u00a0Eloi\u00a0(Enric Auquer). Candela\u00a0desea cumplir el sue\u00f1o que\u00a0Xavi\u00a0(Ram\u00f3n Pujol) no pudo cumplir con su ex (Maria Rodr\u00edguez-LOS D\u00cdAS QUE VENDR\u00c1N); pero no a cualquier precio. https:\/\/www.ccma.cat\/tv3\/com-si-fos-ahir\/<\/p>\n","protected":false},"author":5,"featured_media":1230,"comment_status":"closed","ping_status":"closed","sticky":false,"template":"","format":"standard","meta":{"footnotes":""},"categories":[18],"tags":[],"class_list":["post-1812","post","type-post","status-publish","format-standard","has-post-thumbnail","hentry","category-noticias"],"yoast_head":"<!-- This site is optimized with the Yoast SEO plugin v27.5 - https:\/\/yoast.com\/product\/yoast-seo-wordpress\/ -->\n<title>Candela quiere ser madre en COM SI FOS AHIR (TV3) - Laia Alvarez<\/title>\n<meta name=\"description\" content=\"Laia Alvarez ser\u00e1\u00a0Candela, una feminista antisistema muy buena amiga de\u00a0Eloi\u00a0(Enric Auquer).\" \/>\n<meta name=\"robots\" content=\"index, follow, max-snippet:-1, max-image-preview:large, max-video-preview:-1\" \/>\n<link rel=\"canonical\" href=\"https:\/\/laia-alvarez.com\/es\/candela-quiere-ser-madre-en-com-si-fos-ahir-tv3\/\" \/>\n<meta property=\"og:locale\" content=\"es_ES\" \/>\n<meta property=\"og:type\" content=\"article\" \/>\n<meta property=\"og:title\" content=\"Candela quiere ser madre en COM SI FOS AHIR (TV3) - Laia Alvarez\" \/>\n<meta property=\"og:description\" content=\"Laia Alvarez ser\u00e1\u00a0Candela, una feminista antisistema muy buena amiga de\u00a0Eloi\u00a0(Enric Auquer).\" \/>\n<meta property=\"og:url\" content=\"https:\/\/laia-alvarez.com\/es\/candela-quiere-ser-madre-en-com-si-fos-ahir-tv3\/\" \/>\n<meta property=\"og:site_name\" content=\"Laia Alvarez\" \/>\n<meta property=\"article:published_time\" content=\"2019-05-08T20:37:29+00:00\" \/>\n<meta property=\"article:modified_time\" content=\"2025-03-04T18:58:15+00:00\" \/>\n<meta property=\"og:image\" content=\"https:\/\/laia-alvarez.com\/wp-content\/uploads\/2019\/02\/com-si-fos-ahir.jpg\" \/>\n\t<meta property=\"og:image:width\" content=\"1000\" \/>\n\t<meta property=\"og:image:height\" content=\"558\" \/>\n\t<meta property=\"og:image:type\" content=\"image\/jpeg\" \/>\n<meta name=\"author\" content=\"Laia Alvarez\" \/>\n<meta name=\"twitter:card\" content=\"summary_large_image\" \/>\n<meta name=\"twitter:label1\" content=\"Escrito por\" \/>\n\t<meta name=\"twitter:data1\" content=\"Laia Alvarez\" \/>\n\t<meta name=\"twitter:label2\" content=\"Tiempo de lectura\" \/>\n\t<meta name=\"twitter:data2\" content=\"1 minuto\" \/>\n<script type=\"application\/ld+json\" class=\"yoast-schema-graph\">{\"@context\":\"https:\\\/\\\/schema.org\",\"@graph\":[{\"@type\":\"Article\",\"@id\":\"https:\\\/\\\/laia-alvarez.com\\\/es\\\/candela-quiere-ser-madre-en-com-si-fos-ahir-tv3\\\/#article\",\"isPartOf\":{\"@id\":\"https:\\\/\\\/laia-alvarez.com\\\/es\\\/candela-quiere-ser-madre-en-com-si-fos-ahir-tv3\\\/\"},\"author\":{\"name\":\"Laia Alvarez\",\"@id\":\"https:\\\/\\\/laia-alvarez.com\\\/#\\\/schema\\\/person\\\/4166490bf542d632c5f26a3d822c905e\"},\"headline\":\"Candela quiere ser madre en COM SI FOS AHIR (TV3)\",\"datePublished\":\"2019-05-08T20:37:29+00:00\",\"dateModified\":\"2025-03-04T18:58:15+00:00\",\"mainEntityOfPage\":{\"@id\":\"https:\\\/\\\/laia-alvarez.com\\\/es\\\/candela-quiere-ser-madre-en-com-si-fos-ahir-tv3\\\/\"},\"wordCount\":63,\"publisher\":{\"@id\":\"https:\\\/\\\/laia-alvarez.com\\\/#\\\/schema\\\/person\\\/4166490bf542d632c5f26a3d822c905e\"},\"image\":{\"@id\":\"https:\\\/\\\/laia-alvarez.com\\\/es\\\/candela-quiere-ser-madre-en-com-si-fos-ahir-tv3\\\/#primaryimage\"},\"thumbnailUrl\":\"https:\\\/\\\/laia-alvarez.com\\\/wp-content\\\/uploads\\\/2019\\\/02\\\/com-si-fos-ahir.jpg\",\"articleSection\":[\"Noticias\"],\"inLanguage\":\"es\"},{\"@type\":\"WebPage\",\"@id\":\"https:\\\/\\\/laia-alvarez.com\\\/es\\\/candela-quiere-ser-madre-en-com-si-fos-ahir-tv3\\\/\",\"url\":\"https:\\\/\\\/laia-alvarez.com\\\/es\\\/candela-quiere-ser-madre-en-com-si-fos-ahir-tv3\\\/\",\"name\":\"Candela quiere ser madre en COM SI FOS AHIR (TV3) - Laia Alvarez\",\"isPartOf\":{\"@id\":\"https:\\\/\\\/laia-alvarez.com\\\/#website\"},\"primaryImageOfPage\":{\"@id\":\"https:\\\/\\\/laia-alvarez.com\\\/es\\\/candela-quiere-ser-madre-en-com-si-fos-ahir-tv3\\\/#primaryimage\"},\"image\":{\"@id\":\"https:\\\/\\\/laia-alvarez.com\\\/es\\\/candela-quiere-ser-madre-en-com-si-fos-ahir-tv3\\\/#primaryimage\"},\"thumbnailUrl\":\"https:\\\/\\\/laia-alvarez.com\\\/wp-content\\\/uploads\\\/2019\\\/02\\\/com-si-fos-ahir.jpg\",\"datePublished\":\"2019-05-08T20:37:29+00:00\",\"dateModified\":\"2025-03-04T18:58:15+00:00\",\"description\":\"Laia Alvarez ser\u00e1\u00a0Candela, una feminista antisistema muy buena amiga de\u00a0Eloi\u00a0(Enric Auquer).\",\"breadcrumb\":{\"@id\":\"https:\\\/\\\/laia-alvarez.com\\\/es\\\/candela-quiere-ser-madre-en-com-si-fos-ahir-tv3\\\/#breadcrumb\"},\"inLanguage\":\"es\",\"potentialAction\":[{\"@type\":\"ReadAction\",\"target\":[\"https:\\\/\\\/laia-alvarez.com\\\/es\\\/candela-quiere-ser-madre-en-com-si-fos-ahir-tv3\\\/\"]}]},{\"@type\":\"ImageObject\",\"inLanguage\":\"es\",\"@id\":\"https:\\\/\\\/laia-alvarez.com\\\/es\\\/candela-quiere-ser-madre-en-com-si-fos-ahir-tv3\\\/#primaryimage\",\"url\":\"https:\\\/\\\/laia-alvarez.com\\\/wp-content\\\/uploads\\\/2019\\\/02\\\/com-si-fos-ahir.jpg\",\"contentUrl\":\"https:\\\/\\\/laia-alvarez.com\\\/wp-content\\\/uploads\\\/2019\\\/02\\\/com-si-fos-ahir.jpg\",\"width\":1000,\"height\":558},{\"@type\":\"BreadcrumbList\",\"@id\":\"https:\\\/\\\/laia-alvarez.com\\\/es\\\/candela-quiere-ser-madre-en-com-si-fos-ahir-tv3\\\/#breadcrumb\",\"itemListElement\":[{\"@type\":\"ListItem\",\"position\":1,\"name\":\"Portada\",\"item\":\"https:\\\/\\\/laia-alvarez.com\\\/es\\\/actriz-con-tango\\\/\"},{\"@type\":\"ListItem\",\"position\":2,\"name\":\"Candela quiere ser madre en COM SI FOS AHIR (TV3)\"}]},{\"@type\":\"WebSite\",\"@id\":\"https:\\\/\\\/laia-alvarez.com\\\/#website\",\"url\":\"https:\\\/\\\/laia-alvarez.com\\\/\",\"name\":\"Laia Alvarez\",\"description\":\"\",\"publisher\":{\"@id\":\"https:\\\/\\\/laia-alvarez.com\\\/#\\\/schema\\\/person\\\/4166490bf542d632c5f26a3d822c905e\"},\"potentialAction\":[{\"@type\":\"SearchAction\",\"target\":{\"@type\":\"EntryPoint\",\"urlTemplate\":\"https:\\\/\\\/laia-alvarez.com\\\/?s={search_term_string}\"},\"query-input\":{\"@type\":\"PropertyValueSpecification\",\"valueRequired\":true,\"valueName\":\"search_term_string\"}}],\"inLanguage\":\"es\"},{\"@type\":[\"Person\",\"Organization\"],\"@id\":\"https:\\\/\\\/laia-alvarez.com\\\/#\\\/schema\\\/person\\\/4166490bf542d632c5f26a3d822c905e\",\"name\":\"Laia Alvarez\",\"image\":{\"@type\":\"ImageObject\",\"inLanguage\":\"es\",\"@id\":\"https:\\\/\\\/laia-alvarez.com\\\/wp-content\\\/uploads\\\/2019\\\/02\\\/laia-alvarez-actress-04.jpg\",\"url\":\"https:\\\/\\\/laia-alvarez.com\\\/wp-content\\\/uploads\\\/2019\\\/02\\\/laia-alvarez-actress-04.jpg\",\"contentUrl\":\"https:\\\/\\\/laia-alvarez.com\\\/wp-content\\\/uploads\\\/2019\\\/02\\\/laia-alvarez-actress-04.jpg\",\"width\":667,\"height\":1000,\"caption\":\"Laia Alvarez\"},\"logo\":{\"@id\":\"https:\\\/\\\/laia-alvarez.com\\\/wp-content\\\/uploads\\\/2019\\\/02\\\/laia-alvarez-actress-04.jpg\"},\"sameAs\":[\"laia_alvarezz\"]}]}<\/script>\n<!-- \/ Yoast SEO plugin. -->","yoast_head_json":{"title":"Candela quiere ser madre en COM SI FOS AHIR (TV3) - Laia Alvarez","description":"Laia Alvarez ser\u00e1\u00a0Candela, una feminista antisistema muy buena amiga de\u00a0Eloi\u00a0(Enric Auquer).","robots":{"index":"index","follow":"follow","max-snippet":"max-snippet:-1","max-image-preview":"max-image-preview:large","max-video-preview":"max-video-preview:-1"},"canonical":"https:\/\/laia-alvarez.com\/es\/candela-quiere-ser-madre-en-com-si-fos-ahir-tv3\/","og_locale":"es_ES","og_type":"article","og_title":"Candela quiere ser madre en COM SI FOS AHIR (TV3) - Laia Alvarez","og_description":"Laia Alvarez ser\u00e1\u00a0Candela, una feminista antisistema muy buena amiga de\u00a0Eloi\u00a0(Enric Auquer).","og_url":"https:\/\/laia-alvarez.com\/es\/candela-quiere-ser-madre-en-com-si-fos-ahir-tv3\/","og_site_name":"Laia Alvarez","article_published_time":"2019-05-08T20:37:29+00:00","article_modified_time":"2025-03-04T18:58:15+00:00","og_image":[{"width":1000,"height":558,"url":"https:\/\/laia-alvarez.com\/wp-content\/uploads\/2019\/02\/com-si-fos-ahir.jpg","type":"image\/jpeg"}],"author":"Laia Alvarez","twitter_card":"summary_large_image","twitter_misc":{"Escrito por":"Laia Alvarez","Tiempo de lectura":"1 minuto"},"schema":{"@context":"https:\/\/schema.org","@graph":[{"@type":"Article","@id":"https:\/\/laia-alvarez.com\/es\/candela-quiere-ser-madre-en-com-si-fos-ahir-tv3\/#article","isPartOf":{"@id":"https:\/\/laia-alvarez.com\/es\/candela-quiere-ser-madre-en-com-si-fos-ahir-tv3\/"},"author":{"name":"Laia Alvarez","@id":"https:\/\/laia-alvarez.com\/#\/schema\/person\/4166490bf542d632c5f26a3d822c905e"},"headline":"Candela quiere ser madre en COM SI FOS AHIR (TV3)","datePublished":"2019-05-08T20:37:29+00:00","dateModified":"2025-03-04T18:58:15+00:00","mainEntityOfPage":{"@id":"https:\/\/laia-alvarez.com\/es\/candela-quiere-ser-madre-en-com-si-fos-ahir-tv3\/"},"wordCount":63,"publisher":{"@id":"https:\/\/laia-alvarez.com\/#\/schema\/person\/4166490bf542d632c5f26a3d822c905e"},"image":{"@id":"https:\/\/laia-alvarez.com\/es\/candela-quiere-ser-madre-en-com-si-fos-ahir-tv3\/#primaryimage"},"thumbnailUrl":"https:\/\/laia-alvarez.com\/wp-content\/uploads\/2019\/02\/com-si-fos-ahir.jpg","articleSection":["Noticias"],"inLanguage":"es"},{"@type":"WebPage","@id":"https:\/\/laia-alvarez.com\/es\/candela-quiere-ser-madre-en-com-si-fos-ahir-tv3\/","url":"https:\/\/laia-alvarez.com\/es\/candela-quiere-ser-madre-en-com-si-fos-ahir-tv3\/","name":"Candela quiere ser madre en COM SI FOS AHIR (TV3) - Laia Alvarez","isPartOf":{"@id":"https:\/\/laia-alvarez.com\/#website"},"primaryImageOfPage":{"@id":"https:\/\/laia-alvarez.com\/es\/candela-quiere-ser-madre-en-com-si-fos-ahir-tv3\/#primaryimage"},"image":{"@id":"https:\/\/laia-alvarez.com\/es\/candela-quiere-ser-madre-en-com-si-fos-ahir-tv3\/#primaryimage"},"thumbnailUrl":"https:\/\/laia-alvarez.com\/wp-content\/uploads\/2019\/02\/com-si-fos-ahir.jpg","datePublished":"2019-05-08T20:37:29+00:00","dateModified":"2025-03-04T18:58:15+00:00","description":"Laia Alvarez ser\u00e1\u00a0Candela, una feminista antisistema muy buena amiga de\u00a0Eloi\u00a0(Enric Auquer).","breadcrumb":{"@id":"https:\/\/laia-alvarez.com\/es\/candela-quiere-ser-madre-en-com-si-fos-ahir-tv3\/#breadcrumb"},"inLanguage":"es","potentialAction":[{"@type":"ReadAction","target":["https:\/\/laia-alvarez.com\/es\/candela-quiere-ser-madre-en-com-si-fos-ahir-tv3\/"]}]},{"@type":"ImageObject","inLanguage":"es","@id":"https:\/\/laia-alvarez.com\/es\/candela-quiere-ser-madre-en-com-si-fos-ahir-tv3\/#primaryimage","url":"https:\/\/laia-alvarez.com\/wp-content\/uploads\/2019\/02\/com-si-fos-ahir.jpg","contentUrl":"https:\/\/laia-alvarez.com\/wp-content\/uploads\/2019\/02\/com-si-fos-ahir.jpg","width":1000,"height":558},{"@type":"BreadcrumbList","@id":"https:\/\/laia-alvarez.com\/es\/candela-quiere-ser-madre-en-com-si-fos-ahir-tv3\/#breadcrumb","itemListElement":[{"@type":"ListItem","position":1,"name":"Portada","item":"https:\/\/laia-alvarez.com\/es\/actriz-con-tango\/"},{"@type":"ListItem","position":2,"name":"Candela quiere ser madre en COM SI FOS AHIR (TV3)"}]},{"@type":"WebSite","@id":"https:\/\/laia-alvarez.com\/#website","url":"https:\/\/laia-alvarez.com\/","name":"Laia Alvarez","description":"","publisher":{"@id":"https:\/\/laia-alvarez.com\/#\/schema\/person\/4166490bf542d632c5f26a3d822c905e"},"potentialAction":[{"@type":"SearchAction","target":{"@type":"EntryPoint","urlTemplate":"https:\/\/laia-alvarez.com\/?s={search_term_string}"},"query-input":{"@type":"PropertyValueSpecification","valueRequired":true,"valueName":"search_term_string"}}],"inLanguage":"es"},{"@type":["Person","Organization"],"@id":"https:\/\/laia-alvarez.com\/#\/schema\/person\/4166490bf542d632c5f26a3d822c905e","name":"Laia Alvarez","image":{"@type":"ImageObject","inLanguage":"es","@id":"https:\/\/laia-alvarez.com\/wp-content\/uploads\/2019\/02\/laia-alvarez-actress-04.jpg","url":"https:\/\/laia-alvarez.com\/wp-content\/uploads\/2019\/02\/laia-alvarez-actress-04.jpg","contentUrl":"https:\/\/laia-alvarez.com\/wp-content\/uploads\/2019\/02\/laia-alvarez-actress-04.jpg","width":667,"height":1000,"caption":"Laia Alvarez"},"logo":{"@id":"https:\/\/laia-alvarez.com\/wp-content\/uploads\/2019\/02\/laia-alvarez-actress-04.jpg"},"sameAs":["laia_alvarezz"]}]}},"_links":{"self":[{"href":"https:\/\/laia-alvarez.com\/es\/wp-json\/wp\/v2\/posts\/1812","targetHints":{"allow":["GET"]}}],"collection":[{"href":"https:\/\/laia-alvarez.com\/es\/wp-json\/wp\/v2\/posts"}],"about":[{"href":"https:\/\/laia-alvarez.com\/es\/wp-json\/wp\/v2\/types\/post"}],"author":[{"embeddable":true,"href":"https:\/\/laia-alvarez.com\/es\/wp-json\/wp\/v2\/users\/5"}],"replies":[{"embeddable":true,"href":"https:\/\/laia-alvarez.com\/es\/wp-json\/wp\/v2\/comments?post=1812"}],"version-history":[{"count":1,"href":"https:\/\/laia-alvarez.com\/es\/wp-json\/wp\/v2\/posts\/1812\/revisions"}],"predecessor-version":[{"id":4683,"href":"https:\/\/laia-alvarez.com\/es\/wp-json\/wp\/v2\/posts\/1812\/revisions\/4683"}],"wp:featuredmedia":[{"embeddable":true,"href":"https:\/\/laia-alvarez.com\/es\/wp-json\/wp\/v2\/media\/1230"}],"wp:attachment":[{"href":"https:\/\/laia-alvarez.com\/es\/wp-json\/wp\/v2\/media?parent=1812"}],"wp:term":[{"taxonomy":"category","embeddable":true,"href":"https:\/\/laia-alvarez.com\/es\/wp-json\/wp\/v2\/categories?post=1812"},{"taxonomy":"post_tag","embeddable":true,"href":"https:\/\/laia-alvarez.com\/es\/wp-json\/wp\/v2\/tags?post=1812"}],"curies":[{"name":"wp","href":"https:\/\/api.w.org\/{rel}","templated":true}]}}