{"id":2840,"date":"2021-11-11T12:08:54","date_gmt":"2021-11-11T11:08:54","guid":{"rendered":"https:\/\/laia-alvarez.com\/?p=2840"},"modified":"2023-06-19T10:52:21","modified_gmt":"2023-06-19T08:52:21","slug":"arranca-el-rodatge-de-la-nova-pel%c2%b7licula-de-felix-herzogenrath","status":"publish","type":"post","link":"https:\/\/laia-alvarez.com\/ca\/arranca-el-rodatge-de-la-nova-pel%c2%b7licula-de-felix-herzogenrath\/","title":{"rendered":"Arranca el rodatge de la nova pel\u00b7l\u00edcula de Felix Herzogenrath"},"content":{"rendered":"<p>(11 de novembre de 2021) La nova entrega polic\u00edaca de Felix Herzogenrath per a les cadenes ARD i MDR: WOLFSLAND (&#8220;Pa\u00eds de llops&#8221;), comptar\u00e0 amb Laia Alvarez. Aquesta vegada interpreta el paper d\u00b4una venedora de vins temperamental que no dubtar\u00e0 en defensar el ve\u00efnat i tractar de salvar el negoci de l\u00b4Arnie, un bon company i ve\u00ed. Casting: Marc Sch\u00f6tteldreier\/Producci\u00f3: Molina Film<\/p>\n","protected":false},"excerpt":{"rendered":"<p>(11 de novembre de 2021) La nova entrega polic\u00edaca de Felix Herzogenrath per a les cadenes ARD i MDR: WOLFSLAND (&#8220;Pa\u00eds de llops&#8221;), comptar\u00e0 amb Laia Alvarez. Aquesta vegada interpreta el paper d\u00b4una venedora de vins temperamental que no dubtar\u00e0 en defensar el ve\u00efnat i tractar de salvar el negoci de l\u00b4Arnie, un bon company [&hellip;]<\/p>\n","protected":false},"author":5,"featured_media":2832,"comment_status":"closed","ping_status":"closed","sticky":false,"template":"","format":"standard","meta":{"footnotes":""},"categories":[],"tags":[],"class_list":["post-2840","post","type-post","status-publish","format-standard","has-post-thumbnail","hentry"],"yoast_head":"<!-- This site is optimized with the Yoast SEO plugin v27.5 - https:\/\/yoast.com\/product\/yoast-seo-wordpress\/ -->\n<title>Arranca el rodatge de la nova pel\u00b7l\u00edcula de Felix Herzogenrath - Laia Alvarez<\/title>\n<meta name=\"description\" content=\"P\u00e0gina web de l&#039;actriu Laia Alvarez.\" \/>\n<meta name=\"robots\" content=\"index, follow, max-snippet:-1, max-image-preview:large, max-video-preview:-1\" \/>\n<link rel=\"canonical\" href=\"https:\/\/laia-alvarez.com\/ca\/arranca-el-rodatge-de-la-nova-pel\u00b7licula-de-felix-herzogenrath\/\" \/>\n<meta property=\"og:locale\" content=\"ca_ES\" \/>\n<meta property=\"og:type\" content=\"article\" \/>\n<meta property=\"og:title\" content=\"Arranca el rodatge de la nova pel\u00b7l\u00edcula de Felix Herzogenrath - Laia Alvarez\" \/>\n<meta property=\"og:description\" content=\"P\u00e0gina web de l&#039;actriu Laia Alvarez.\" \/>\n<meta property=\"og:url\" content=\"https:\/\/laia-alvarez.com\/ca\/arranca-el-rodatge-de-la-nova-pel\u00b7licula-de-felix-herzogenrath\/\" \/>\n<meta property=\"og:site_name\" content=\"Laia Alvarez\" \/>\n<meta property=\"article:published_time\" content=\"2021-11-11T11:08:54+00:00\" \/>\n<meta property=\"article:modified_time\" content=\"2023-06-19T08:52:21+00:00\" \/>\n<meta property=\"og:image\" content=\"https:\/\/laia-alvarez.com\/wp-content\/uploads\/2021\/11\/wolfsland_sendereihenbild_master-100__v-varm_92771c.jpeg\" \/>\n\t<meta property=\"og:image:width\" content=\"512\" \/>\n\t<meta property=\"og:image:height\" content=\"288\" \/>\n\t<meta property=\"og:image:type\" content=\"image\/jpeg\" \/>\n<meta name=\"author\" content=\"Laia Alvarez\" \/>\n<meta name=\"twitter:card\" content=\"summary_large_image\" \/>\n<meta name=\"twitter:label1\" content=\"Escrit per\" \/>\n\t<meta name=\"twitter:data1\" content=\"Laia Alvarez\" \/>\n\t<meta name=\"twitter:label2\" content=\"Temps estimat de lectura\" \/>\n\t<meta name=\"twitter:data2\" content=\"1 minut\" \/>\n<script type=\"application\/ld+json\" class=\"yoast-schema-graph\">{\"@context\":\"https:\\\/\\\/schema.org\",\"@graph\":[{\"@type\":\"Article\",\"@id\":\"https:\\\/\\\/laia-alvarez.com\\\/ca\\\/arranca-el-rodatge-de-la-nova-pel%c2%b7licula-de-felix-herzogenrath\\\/#article\",\"isPartOf\":{\"@id\":\"https:\\\/\\\/laia-alvarez.com\\\/ca\\\/arranca-el-rodatge-de-la-nova-pel%c2%b7licula-de-felix-herzogenrath\\\/\"},\"author\":{\"name\":\"Laia Alvarez\",\"@id\":\"https:\\\/\\\/laia-alvarez.com\\\/#\\\/schema\\\/person\\\/4166490bf542d632c5f26a3d822c905e\"},\"headline\":\"Arranca el rodatge de la nova pel\u00b7l\u00edcula de Felix Herzogenrath\",\"datePublished\":\"2021-11-11T11:08:54+00:00\",\"dateModified\":\"2023-06-19T08:52:21+00:00\",\"mainEntityOfPage\":{\"@id\":\"https:\\\/\\\/laia-alvarez.com\\\/ca\\\/arranca-el-rodatge-de-la-nova-pel%c2%b7licula-de-felix-herzogenrath\\\/\"},\"wordCount\":79,\"publisher\":{\"@id\":\"https:\\\/\\\/laia-alvarez.com\\\/#\\\/schema\\\/person\\\/4166490bf542d632c5f26a3d822c905e\"},\"image\":{\"@id\":\"https:\\\/\\\/laia-alvarez.com\\\/ca\\\/arranca-el-rodatge-de-la-nova-pel%c2%b7licula-de-felix-herzogenrath\\\/#primaryimage\"},\"thumbnailUrl\":\"https:\\\/\\\/laia-alvarez.com\\\/wp-content\\\/uploads\\\/2021\\\/11\\\/wolfsland_sendereihenbild_master-100__v-varm_92771c.jpeg\",\"inLanguage\":\"ca\"},{\"@type\":\"WebPage\",\"@id\":\"https:\\\/\\\/laia-alvarez.com\\\/ca\\\/arranca-el-rodatge-de-la-nova-pel%c2%b7licula-de-felix-herzogenrath\\\/\",\"url\":\"https:\\\/\\\/laia-alvarez.com\\\/ca\\\/arranca-el-rodatge-de-la-nova-pel%c2%b7licula-de-felix-herzogenrath\\\/\",\"name\":\"Arranca el rodatge de la nova pel\u00b7l\u00edcula de Felix Herzogenrath - Laia Alvarez\",\"isPartOf\":{\"@id\":\"https:\\\/\\\/laia-alvarez.com\\\/#website\"},\"primaryImageOfPage\":{\"@id\":\"https:\\\/\\\/laia-alvarez.com\\\/ca\\\/arranca-el-rodatge-de-la-nova-pel%c2%b7licula-de-felix-herzogenrath\\\/#primaryimage\"},\"image\":{\"@id\":\"https:\\\/\\\/laia-alvarez.com\\\/ca\\\/arranca-el-rodatge-de-la-nova-pel%c2%b7licula-de-felix-herzogenrath\\\/#primaryimage\"},\"thumbnailUrl\":\"https:\\\/\\\/laia-alvarez.com\\\/wp-content\\\/uploads\\\/2021\\\/11\\\/wolfsland_sendereihenbild_master-100__v-varm_92771c.jpeg\",\"datePublished\":\"2021-11-11T11:08:54+00:00\",\"dateModified\":\"2023-06-19T08:52:21+00:00\",\"description\":\"P\u00e0gina web de l'actriu Laia Alvarez.\",\"breadcrumb\":{\"@id\":\"https:\\\/\\\/laia-alvarez.com\\\/ca\\\/arranca-el-rodatge-de-la-nova-pel%c2%b7licula-de-felix-herzogenrath\\\/#breadcrumb\"},\"inLanguage\":\"ca\",\"potentialAction\":[{\"@type\":\"ReadAction\",\"target\":[\"https:\\\/\\\/laia-alvarez.com\\\/ca\\\/arranca-el-rodatge-de-la-nova-pel%c2%b7licula-de-felix-herzogenrath\\\/\"]}]},{\"@type\":\"ImageObject\",\"inLanguage\":\"ca\",\"@id\":\"https:\\\/\\\/laia-alvarez.com\\\/ca\\\/arranca-el-rodatge-de-la-nova-pel%c2%b7licula-de-felix-herzogenrath\\\/#primaryimage\",\"url\":\"https:\\\/\\\/laia-alvarez.com\\\/wp-content\\\/uploads\\\/2021\\\/11\\\/wolfsland_sendereihenbild_master-100__v-varm_92771c.jpeg\",\"contentUrl\":\"https:\\\/\\\/laia-alvarez.com\\\/wp-content\\\/uploads\\\/2021\\\/11\\\/wolfsland_sendereihenbild_master-100__v-varm_92771c.jpeg\",\"width\":512,\"height\":288},{\"@type\":\"BreadcrumbList\",\"@id\":\"https:\\\/\\\/laia-alvarez.com\\\/ca\\\/arranca-el-rodatge-de-la-nova-pel%c2%b7licula-de-felix-herzogenrath\\\/#breadcrumb\",\"itemListElement\":[{\"@type\":\"ListItem\",\"position\":1,\"name\":\"Portada\",\"item\":\"https:\\\/\\\/laia-alvarez.com\\\/ca\\\/actriz-con-tango\\\/\"},{\"@type\":\"ListItem\",\"position\":2,\"name\":\"Arranca el rodatge de la nova pel\u00b7l\u00edcula de Felix Herzogenrath\"}]},{\"@type\":\"WebSite\",\"@id\":\"https:\\\/\\\/laia-alvarez.com\\\/#website\",\"url\":\"https:\\\/\\\/laia-alvarez.com\\\/\",\"name\":\"Laia Alvarez\",\"description\":\"\",\"publisher\":{\"@id\":\"https:\\\/\\\/laia-alvarez.com\\\/#\\\/schema\\\/person\\\/4166490bf542d632c5f26a3d822c905e\"},\"potentialAction\":[{\"@type\":\"SearchAction\",\"target\":{\"@type\":\"EntryPoint\",\"urlTemplate\":\"https:\\\/\\\/laia-alvarez.com\\\/?s={search_term_string}\"},\"query-input\":{\"@type\":\"PropertyValueSpecification\",\"valueRequired\":true,\"valueName\":\"search_term_string\"}}],\"inLanguage\":\"ca\"},{\"@type\":[\"Person\",\"Organization\"],\"@id\":\"https:\\\/\\\/laia-alvarez.com\\\/#\\\/schema\\\/person\\\/4166490bf542d632c5f26a3d822c905e\",\"name\":\"Laia Alvarez\",\"image\":{\"@type\":\"ImageObject\",\"inLanguage\":\"ca\",\"@id\":\"https:\\\/\\\/laia-alvarez.com\\\/wp-content\\\/uploads\\\/2019\\\/02\\\/laia-alvarez-actress-04.jpg\",\"url\":\"https:\\\/\\\/laia-alvarez.com\\\/wp-content\\\/uploads\\\/2019\\\/02\\\/laia-alvarez-actress-04.jpg\",\"contentUrl\":\"https:\\\/\\\/laia-alvarez.com\\\/wp-content\\\/uploads\\\/2019\\\/02\\\/laia-alvarez-actress-04.jpg\",\"width\":667,\"height\":1000,\"caption\":\"Laia Alvarez\"},\"logo\":{\"@id\":\"https:\\\/\\\/laia-alvarez.com\\\/wp-content\\\/uploads\\\/2019\\\/02\\\/laia-alvarez-actress-04.jpg\"},\"sameAs\":[\"laia_alvarezz\"]}]}<\/script>\n<!-- \/ Yoast SEO plugin. -->","yoast_head_json":{"title":"Arranca el rodatge de la nova pel\u00b7l\u00edcula de Felix Herzogenrath - Laia Alvarez","description":"P\u00e0gina web de l'actriu Laia Alvarez.","robots":{"index":"index","follow":"follow","max-snippet":"max-snippet:-1","max-image-preview":"max-image-preview:large","max-video-preview":"max-video-preview:-1"},"canonical":"https:\/\/laia-alvarez.com\/ca\/arranca-el-rodatge-de-la-nova-pel\u00b7licula-de-felix-herzogenrath\/","og_locale":"ca_ES","og_type":"article","og_title":"Arranca el rodatge de la nova pel\u00b7l\u00edcula de Felix Herzogenrath - Laia Alvarez","og_description":"P\u00e0gina web de l'actriu Laia Alvarez.","og_url":"https:\/\/laia-alvarez.com\/ca\/arranca-el-rodatge-de-la-nova-pel\u00b7licula-de-felix-herzogenrath\/","og_site_name":"Laia Alvarez","article_published_time":"2021-11-11T11:08:54+00:00","article_modified_time":"2023-06-19T08:52:21+00:00","og_image":[{"width":512,"height":288,"url":"https:\/\/laia-alvarez.com\/wp-content\/uploads\/2021\/11\/wolfsland_sendereihenbild_master-100__v-varm_92771c.jpeg","type":"image\/jpeg"}],"author":"Laia Alvarez","twitter_card":"summary_large_image","twitter_misc":{"Escrit per":"Laia Alvarez","Temps estimat de lectura":"1 minut"},"schema":{"@context":"https:\/\/schema.org","@graph":[{"@type":"Article","@id":"https:\/\/laia-alvarez.com\/ca\/arranca-el-rodatge-de-la-nova-pel%c2%b7licula-de-felix-herzogenrath\/#article","isPartOf":{"@id":"https:\/\/laia-alvarez.com\/ca\/arranca-el-rodatge-de-la-nova-pel%c2%b7licula-de-felix-herzogenrath\/"},"author":{"name":"Laia Alvarez","@id":"https:\/\/laia-alvarez.com\/#\/schema\/person\/4166490bf542d632c5f26a3d822c905e"},"headline":"Arranca el rodatge de la nova pel\u00b7l\u00edcula de Felix Herzogenrath","datePublished":"2021-11-11T11:08:54+00:00","dateModified":"2023-06-19T08:52:21+00:00","mainEntityOfPage":{"@id":"https:\/\/laia-alvarez.com\/ca\/arranca-el-rodatge-de-la-nova-pel%c2%b7licula-de-felix-herzogenrath\/"},"wordCount":79,"publisher":{"@id":"https:\/\/laia-alvarez.com\/#\/schema\/person\/4166490bf542d632c5f26a3d822c905e"},"image":{"@id":"https:\/\/laia-alvarez.com\/ca\/arranca-el-rodatge-de-la-nova-pel%c2%b7licula-de-felix-herzogenrath\/#primaryimage"},"thumbnailUrl":"https:\/\/laia-alvarez.com\/wp-content\/uploads\/2021\/11\/wolfsland_sendereihenbild_master-100__v-varm_92771c.jpeg","inLanguage":"ca"},{"@type":"WebPage","@id":"https:\/\/laia-alvarez.com\/ca\/arranca-el-rodatge-de-la-nova-pel%c2%b7licula-de-felix-herzogenrath\/","url":"https:\/\/laia-alvarez.com\/ca\/arranca-el-rodatge-de-la-nova-pel%c2%b7licula-de-felix-herzogenrath\/","name":"Arranca el rodatge de la nova pel\u00b7l\u00edcula de Felix Herzogenrath - Laia Alvarez","isPartOf":{"@id":"https:\/\/laia-alvarez.com\/#website"},"primaryImageOfPage":{"@id":"https:\/\/laia-alvarez.com\/ca\/arranca-el-rodatge-de-la-nova-pel%c2%b7licula-de-felix-herzogenrath\/#primaryimage"},"image":{"@id":"https:\/\/laia-alvarez.com\/ca\/arranca-el-rodatge-de-la-nova-pel%c2%b7licula-de-felix-herzogenrath\/#primaryimage"},"thumbnailUrl":"https:\/\/laia-alvarez.com\/wp-content\/uploads\/2021\/11\/wolfsland_sendereihenbild_master-100__v-varm_92771c.jpeg","datePublished":"2021-11-11T11:08:54+00:00","dateModified":"2023-06-19T08:52:21+00:00","description":"P\u00e0gina web de l'actriu Laia Alvarez.","breadcrumb":{"@id":"https:\/\/laia-alvarez.com\/ca\/arranca-el-rodatge-de-la-nova-pel%c2%b7licula-de-felix-herzogenrath\/#breadcrumb"},"inLanguage":"ca","potentialAction":[{"@type":"ReadAction","target":["https:\/\/laia-alvarez.com\/ca\/arranca-el-rodatge-de-la-nova-pel%c2%b7licula-de-felix-herzogenrath\/"]}]},{"@type":"ImageObject","inLanguage":"ca","@id":"https:\/\/laia-alvarez.com\/ca\/arranca-el-rodatge-de-la-nova-pel%c2%b7licula-de-felix-herzogenrath\/#primaryimage","url":"https:\/\/laia-alvarez.com\/wp-content\/uploads\/2021\/11\/wolfsland_sendereihenbild_master-100__v-varm_92771c.jpeg","contentUrl":"https:\/\/laia-alvarez.com\/wp-content\/uploads\/2021\/11\/wolfsland_sendereihenbild_master-100__v-varm_92771c.jpeg","width":512,"height":288},{"@type":"BreadcrumbList","@id":"https:\/\/laia-alvarez.com\/ca\/arranca-el-rodatge-de-la-nova-pel%c2%b7licula-de-felix-herzogenrath\/#breadcrumb","itemListElement":[{"@type":"ListItem","position":1,"name":"Portada","item":"https:\/\/laia-alvarez.com\/ca\/actriz-con-tango\/"},{"@type":"ListItem","position":2,"name":"Arranca el rodatge de la nova pel\u00b7l\u00edcula de Felix Herzogenrath"}]},{"@type":"WebSite","@id":"https:\/\/laia-alvarez.com\/#website","url":"https:\/\/laia-alvarez.com\/","name":"Laia Alvarez","description":"","publisher":{"@id":"https:\/\/laia-alvarez.com\/#\/schema\/person\/4166490bf542d632c5f26a3d822c905e"},"potentialAction":[{"@type":"SearchAction","target":{"@type":"EntryPoint","urlTemplate":"https:\/\/laia-alvarez.com\/?s={search_term_string}"},"query-input":{"@type":"PropertyValueSpecification","valueRequired":true,"valueName":"search_term_string"}}],"inLanguage":"ca"},{"@type":["Person","Organization"],"@id":"https:\/\/laia-alvarez.com\/#\/schema\/person\/4166490bf542d632c5f26a3d822c905e","name":"Laia Alvarez","image":{"@type":"ImageObject","inLanguage":"ca","@id":"https:\/\/laia-alvarez.com\/wp-content\/uploads\/2019\/02\/laia-alvarez-actress-04.jpg","url":"https:\/\/laia-alvarez.com\/wp-content\/uploads\/2019\/02\/laia-alvarez-actress-04.jpg","contentUrl":"https:\/\/laia-alvarez.com\/wp-content\/uploads\/2019\/02\/laia-alvarez-actress-04.jpg","width":667,"height":1000,"caption":"Laia Alvarez"},"logo":{"@id":"https:\/\/laia-alvarez.com\/wp-content\/uploads\/2019\/02\/laia-alvarez-actress-04.jpg"},"sameAs":["laia_alvarezz"]}]}},"_links":{"self":[{"href":"https:\/\/laia-alvarez.com\/ca\/wp-json\/wp\/v2\/posts\/2840","targetHints":{"allow":["GET"]}}],"collection":[{"href":"https:\/\/laia-alvarez.com\/ca\/wp-json\/wp\/v2\/posts"}],"about":[{"href":"https:\/\/laia-alvarez.com\/ca\/wp-json\/wp\/v2\/types\/post"}],"author":[{"embeddable":true,"href":"https:\/\/laia-alvarez.com\/ca\/wp-json\/wp\/v2\/users\/5"}],"replies":[{"embeddable":true,"href":"https:\/\/laia-alvarez.com\/ca\/wp-json\/wp\/v2\/comments?post=2840"}],"version-history":[{"count":0,"href":"https:\/\/laia-alvarez.com\/ca\/wp-json\/wp\/v2\/posts\/2840\/revisions"}],"wp:featuredmedia":[{"embeddable":true,"href":"https:\/\/laia-alvarez.com\/ca\/wp-json\/wp\/v2\/media\/2832"}],"wp:attachment":[{"href":"https:\/\/laia-alvarez.com\/ca\/wp-json\/wp\/v2\/media?parent=2840"}],"wp:term":[{"taxonomy":"category","embeddable":true,"href":"https:\/\/laia-alvarez.com\/ca\/wp-json\/wp\/v2\/categories?post=2840"},{"taxonomy":"post_tag","embeddable":true,"href":"https:\/\/laia-alvarez.com\/ca\/wp-json\/wp\/v2\/tags?post=2840"}],"curies":[{"name":"wp","href":"https:\/\/api.w.org\/{rel}","templated":true}]}}