{"id":1782,"date":"2018-01-11T20:57:35","date_gmt":"2018-01-11T19:57:35","guid":{"rendered":"https:\/\/laia-alvarez.com\/?p=1782"},"modified":"2020-02-03T11:51:40","modified_gmt":"2020-02-03T10:51:40","slug":"el-teatre-no-tan-sols-es-un-mirall-de-la-societat-sino-que-tambe-es-capac-de-canviar-la","status":"publish","type":"post","link":"https:\/\/laia-alvarez.com\/ca\/el-teatre-no-tan-sols-es-un-mirall-de-la-societat-sino-que-tambe-es-capac-de-canviar-la\/","title":{"rendered":"&#8220;El teatre no tan sols \u00e9s el mirall de la societat, sin\u00f2 que tamb\u00e9 \u00e9s capa\u00e7 de canviar-la&#8221;"},"content":{"rendered":"<p><a href=\"https:\/\/westfaelisches-landestheater.de\/inzukunft\/2013-2014\/teilnehmerinnen\/laia-alvarez-i-mestre\/\">Entrevista concebuda al teatre p\u00fablic\u00a0<i>Wesf\u00e4lisches Landestheater\u00a0<\/i>d\u00b4Alemanya despr\u00e8s de ser finalista del concurs IN ZUKUNFT II. L\u00b4actriu ens parla de la seva faceta d\u00b4escriptora i apunta, entre d\u00b4altres, que l\u00b4art \u00e9s la \u00fanica eina social de canvi.<\/a><\/p>\n<p>https:\/\/westfaelisches-landestheater.de\/inzukunft\/2013-2014\/teilnehmerinnen\/laia-alvarez-i-mestre\/<\/p>\n","protected":false},"excerpt":{"rendered":"<p>Entrevista concebuda al teatre p\u00fablic\u00a0Wesf\u00e4lisches Landestheater\u00a0d\u00b4Alemanya despr\u00e8s de ser finalista del concurs IN ZUKUNFT II. L\u00b4actriu ens parla de la seva faceta d\u00b4escriptora i apunta, entre d\u00b4altres, que l\u00b4art \u00e9s la \u00fanica eina social de canvi. https:\/\/westfaelisches-landestheater.de\/inzukunft\/2013-2014\/teilnehmerinnen\/laia-alvarez-i-mestre\/<\/p>\n","protected":false},"author":5,"featured_media":1374,"comment_status":"closed","ping_status":"closed","sticky":false,"template":"","format":"standard","meta":{"footnotes":""},"categories":[19],"tags":[],"class_list":["post-1782","post","type-post","status-publish","format-standard","has-post-thumbnail","hentry","category-noticies"],"yoast_head":"<!-- This site is optimized with the Yoast SEO plugin v27.5 - https:\/\/yoast.com\/product\/yoast-seo-wordpress\/ -->\n<title>&quot;El teatre no tan sols \u00e9s el mirall de la societat, sin\u00f2 que tamb\u00e9 \u00e9s capa\u00e7 de canviar-la&quot; - Laia Alvarez<\/title>\n<meta name=\"description\" content=\"P\u00e0gina web de l&#039;actriu Laia Alvarez.\" \/>\n<meta name=\"robots\" content=\"index, follow, max-snippet:-1, max-image-preview:large, max-video-preview:-1\" \/>\n<link rel=\"canonical\" href=\"https:\/\/laia-alvarez.com\/ca\/el-teatre-no-tan-sols-es-un-mirall-de-la-societat-sino-que-tambe-es-capac-de-canviar-la\/\" \/>\n<meta property=\"og:locale\" content=\"ca_ES\" \/>\n<meta property=\"og:type\" content=\"article\" \/>\n<meta property=\"og:title\" content=\"&quot;El teatre no tan sols \u00e9s el mirall de la societat, sin\u00f2 que tamb\u00e9 \u00e9s capa\u00e7 de canviar-la&quot; - Laia Alvarez\" \/>\n<meta property=\"og:description\" content=\"P\u00e0gina web de l&#039;actriu Laia Alvarez.\" \/>\n<meta property=\"og:url\" content=\"https:\/\/laia-alvarez.com\/ca\/el-teatre-no-tan-sols-es-un-mirall-de-la-societat-sino-que-tambe-es-capac-de-canviar-la\/\" \/>\n<meta property=\"og:site_name\" content=\"Laia Alvarez\" \/>\n<meta property=\"article:published_time\" content=\"2018-01-11T19:57:35+00:00\" \/>\n<meta property=\"article:modified_time\" content=\"2020-02-03T10:51:40+00:00\" \/>\n<meta property=\"og:image\" content=\"https:\/\/laia-alvarez.com\/wp-content\/uploads\/2019\/02\/entrevista-laia-alvarez.jpg\" \/>\n\t<meta property=\"og:image:width\" content=\"527\" \/>\n\t<meta property=\"og:image:height\" content=\"1000\" \/>\n\t<meta property=\"og:image:type\" content=\"image\/jpeg\" \/>\n<meta name=\"author\" content=\"Laia Alvarez\" \/>\n<meta name=\"twitter:card\" content=\"summary_large_image\" \/>\n<meta name=\"twitter:label1\" content=\"Escrit per\" \/>\n\t<meta name=\"twitter:data1\" content=\"Laia Alvarez\" \/>\n<script type=\"application\/ld+json\" class=\"yoast-schema-graph\">{\"@context\":\"https:\\\/\\\/schema.org\",\"@graph\":[{\"@type\":\"Article\",\"@id\":\"https:\\\/\\\/laia-alvarez.com\\\/ca\\\/el-teatre-no-tan-sols-es-un-mirall-de-la-societat-sino-que-tambe-es-capac-de-canviar-la\\\/#article\",\"isPartOf\":{\"@id\":\"https:\\\/\\\/laia-alvarez.com\\\/ca\\\/el-teatre-no-tan-sols-es-un-mirall-de-la-societat-sino-que-tambe-es-capac-de-canviar-la\\\/\"},\"author\":{\"name\":\"Laia Alvarez\",\"@id\":\"https:\\\/\\\/laia-alvarez.com\\\/#\\\/schema\\\/person\\\/4166490bf542d632c5f26a3d822c905e\"},\"headline\":\"&#8220;El teatre no tan sols \u00e9s el mirall de la societat, sin\u00f2 que tamb\u00e9 \u00e9s capa\u00e7 de canviar-la&#8221;\",\"datePublished\":\"2018-01-11T19:57:35+00:00\",\"dateModified\":\"2020-02-03T10:51:40+00:00\",\"mainEntityOfPage\":{\"@id\":\"https:\\\/\\\/laia-alvarez.com\\\/ca\\\/el-teatre-no-tan-sols-es-un-mirall-de-la-societat-sino-que-tambe-es-capac-de-canviar-la\\\/\"},\"wordCount\":71,\"publisher\":{\"@id\":\"https:\\\/\\\/laia-alvarez.com\\\/#\\\/schema\\\/person\\\/4166490bf542d632c5f26a3d822c905e\"},\"image\":{\"@id\":\"https:\\\/\\\/laia-alvarez.com\\\/ca\\\/el-teatre-no-tan-sols-es-un-mirall-de-la-societat-sino-que-tambe-es-capac-de-canviar-la\\\/#primaryimage\"},\"thumbnailUrl\":\"https:\\\/\\\/laia-alvarez.com\\\/wp-content\\\/uploads\\\/2019\\\/02\\\/entrevista-laia-alvarez.jpg\",\"articleSection\":[\"Not\u00edcies\"],\"inLanguage\":\"ca\"},{\"@type\":\"WebPage\",\"@id\":\"https:\\\/\\\/laia-alvarez.com\\\/ca\\\/el-teatre-no-tan-sols-es-un-mirall-de-la-societat-sino-que-tambe-es-capac-de-canviar-la\\\/\",\"url\":\"https:\\\/\\\/laia-alvarez.com\\\/ca\\\/el-teatre-no-tan-sols-es-un-mirall-de-la-societat-sino-que-tambe-es-capac-de-canviar-la\\\/\",\"name\":\"\\\"El teatre no tan sols \u00e9s el mirall de la societat, sin\u00f2 que tamb\u00e9 \u00e9s capa\u00e7 de canviar-la\\\" - Laia Alvarez\",\"isPartOf\":{\"@id\":\"https:\\\/\\\/laia-alvarez.com\\\/#website\"},\"primaryImageOfPage\":{\"@id\":\"https:\\\/\\\/laia-alvarez.com\\\/ca\\\/el-teatre-no-tan-sols-es-un-mirall-de-la-societat-sino-que-tambe-es-capac-de-canviar-la\\\/#primaryimage\"},\"image\":{\"@id\":\"https:\\\/\\\/laia-alvarez.com\\\/ca\\\/el-teatre-no-tan-sols-es-un-mirall-de-la-societat-sino-que-tambe-es-capac-de-canviar-la\\\/#primaryimage\"},\"thumbnailUrl\":\"https:\\\/\\\/laia-alvarez.com\\\/wp-content\\\/uploads\\\/2019\\\/02\\\/entrevista-laia-alvarez.jpg\",\"datePublished\":\"2018-01-11T19:57:35+00:00\",\"dateModified\":\"2020-02-03T10:51:40+00:00\",\"description\":\"P\u00e0gina web de l'actriu Laia Alvarez.\",\"breadcrumb\":{\"@id\":\"https:\\\/\\\/laia-alvarez.com\\\/ca\\\/el-teatre-no-tan-sols-es-un-mirall-de-la-societat-sino-que-tambe-es-capac-de-canviar-la\\\/#breadcrumb\"},\"inLanguage\":\"ca\",\"potentialAction\":[{\"@type\":\"ReadAction\",\"target\":[\"https:\\\/\\\/laia-alvarez.com\\\/ca\\\/el-teatre-no-tan-sols-es-un-mirall-de-la-societat-sino-que-tambe-es-capac-de-canviar-la\\\/\"]}]},{\"@type\":\"ImageObject\",\"inLanguage\":\"ca\",\"@id\":\"https:\\\/\\\/laia-alvarez.com\\\/ca\\\/el-teatre-no-tan-sols-es-un-mirall-de-la-societat-sino-que-tambe-es-capac-de-canviar-la\\\/#primaryimage\",\"url\":\"https:\\\/\\\/laia-alvarez.com\\\/wp-content\\\/uploads\\\/2019\\\/02\\\/entrevista-laia-alvarez.jpg\",\"contentUrl\":\"https:\\\/\\\/laia-alvarez.com\\\/wp-content\\\/uploads\\\/2019\\\/02\\\/entrevista-laia-alvarez.jpg\",\"width\":527,\"height\":1000},{\"@type\":\"BreadcrumbList\",\"@id\":\"https:\\\/\\\/laia-alvarez.com\\\/ca\\\/el-teatre-no-tan-sols-es-un-mirall-de-la-societat-sino-que-tambe-es-capac-de-canviar-la\\\/#breadcrumb\",\"itemListElement\":[{\"@type\":\"ListItem\",\"position\":1,\"name\":\"Portada\",\"item\":\"https:\\\/\\\/laia-alvarez.com\\\/ca\\\/actriz-con-tango\\\/\"},{\"@type\":\"ListItem\",\"position\":2,\"name\":\"&#8222;El teatre no tan sols \u00e9s el mirall de la societat, sin\u00f2 que tamb\u00e9 \u00e9s capa\u00e7 de canviar-la&#8220;\"}]},{\"@type\":\"WebSite\",\"@id\":\"https:\\\/\\\/laia-alvarez.com\\\/#website\",\"url\":\"https:\\\/\\\/laia-alvarez.com\\\/\",\"name\":\"Laia Alvarez\",\"description\":\"\",\"publisher\":{\"@id\":\"https:\\\/\\\/laia-alvarez.com\\\/#\\\/schema\\\/person\\\/4166490bf542d632c5f26a3d822c905e\"},\"potentialAction\":[{\"@type\":\"SearchAction\",\"target\":{\"@type\":\"EntryPoint\",\"urlTemplate\":\"https:\\\/\\\/laia-alvarez.com\\\/?s={search_term_string}\"},\"query-input\":{\"@type\":\"PropertyValueSpecification\",\"valueRequired\":true,\"valueName\":\"search_term_string\"}}],\"inLanguage\":\"ca\"},{\"@type\":[\"Person\",\"Organization\"],\"@id\":\"https:\\\/\\\/laia-alvarez.com\\\/#\\\/schema\\\/person\\\/4166490bf542d632c5f26a3d822c905e\",\"name\":\"Laia Alvarez\",\"image\":{\"@type\":\"ImageObject\",\"inLanguage\":\"ca\",\"@id\":\"https:\\\/\\\/laia-alvarez.com\\\/wp-content\\\/uploads\\\/2019\\\/02\\\/laia-alvarez-actress-04.jpg\",\"url\":\"https:\\\/\\\/laia-alvarez.com\\\/wp-content\\\/uploads\\\/2019\\\/02\\\/laia-alvarez-actress-04.jpg\",\"contentUrl\":\"https:\\\/\\\/laia-alvarez.com\\\/wp-content\\\/uploads\\\/2019\\\/02\\\/laia-alvarez-actress-04.jpg\",\"width\":667,\"height\":1000,\"caption\":\"Laia Alvarez\"},\"logo\":{\"@id\":\"https:\\\/\\\/laia-alvarez.com\\\/wp-content\\\/uploads\\\/2019\\\/02\\\/laia-alvarez-actress-04.jpg\"},\"sameAs\":[\"laia_alvarezz\"]}]}<\/script>\n<!-- \/ Yoast SEO plugin. -->","yoast_head_json":{"title":"\"El teatre no tan sols \u00e9s el mirall de la societat, sin\u00f2 que tamb\u00e9 \u00e9s capa\u00e7 de canviar-la\" - Laia Alvarez","description":"P\u00e0gina web de l'actriu Laia Alvarez.","robots":{"index":"index","follow":"follow","max-snippet":"max-snippet:-1","max-image-preview":"max-image-preview:large","max-video-preview":"max-video-preview:-1"},"canonical":"https:\/\/laia-alvarez.com\/ca\/el-teatre-no-tan-sols-es-un-mirall-de-la-societat-sino-que-tambe-es-capac-de-canviar-la\/","og_locale":"ca_ES","og_type":"article","og_title":"\"El teatre no tan sols \u00e9s el mirall de la societat, sin\u00f2 que tamb\u00e9 \u00e9s capa\u00e7 de canviar-la\" - Laia Alvarez","og_description":"P\u00e0gina web de l'actriu Laia Alvarez.","og_url":"https:\/\/laia-alvarez.com\/ca\/el-teatre-no-tan-sols-es-un-mirall-de-la-societat-sino-que-tambe-es-capac-de-canviar-la\/","og_site_name":"Laia Alvarez","article_published_time":"2018-01-11T19:57:35+00:00","article_modified_time":"2020-02-03T10:51:40+00:00","og_image":[{"width":527,"height":1000,"url":"https:\/\/laia-alvarez.com\/wp-content\/uploads\/2019\/02\/entrevista-laia-alvarez.jpg","type":"image\/jpeg"}],"author":"Laia Alvarez","twitter_card":"summary_large_image","twitter_misc":{"Escrit per":"Laia Alvarez"},"schema":{"@context":"https:\/\/schema.org","@graph":[{"@type":"Article","@id":"https:\/\/laia-alvarez.com\/ca\/el-teatre-no-tan-sols-es-un-mirall-de-la-societat-sino-que-tambe-es-capac-de-canviar-la\/#article","isPartOf":{"@id":"https:\/\/laia-alvarez.com\/ca\/el-teatre-no-tan-sols-es-un-mirall-de-la-societat-sino-que-tambe-es-capac-de-canviar-la\/"},"author":{"name":"Laia Alvarez","@id":"https:\/\/laia-alvarez.com\/#\/schema\/person\/4166490bf542d632c5f26a3d822c905e"},"headline":"&#8220;El teatre no tan sols \u00e9s el mirall de la societat, sin\u00f2 que tamb\u00e9 \u00e9s capa\u00e7 de canviar-la&#8221;","datePublished":"2018-01-11T19:57:35+00:00","dateModified":"2020-02-03T10:51:40+00:00","mainEntityOfPage":{"@id":"https:\/\/laia-alvarez.com\/ca\/el-teatre-no-tan-sols-es-un-mirall-de-la-societat-sino-que-tambe-es-capac-de-canviar-la\/"},"wordCount":71,"publisher":{"@id":"https:\/\/laia-alvarez.com\/#\/schema\/person\/4166490bf542d632c5f26a3d822c905e"},"image":{"@id":"https:\/\/laia-alvarez.com\/ca\/el-teatre-no-tan-sols-es-un-mirall-de-la-societat-sino-que-tambe-es-capac-de-canviar-la\/#primaryimage"},"thumbnailUrl":"https:\/\/laia-alvarez.com\/wp-content\/uploads\/2019\/02\/entrevista-laia-alvarez.jpg","articleSection":["Not\u00edcies"],"inLanguage":"ca"},{"@type":"WebPage","@id":"https:\/\/laia-alvarez.com\/ca\/el-teatre-no-tan-sols-es-un-mirall-de-la-societat-sino-que-tambe-es-capac-de-canviar-la\/","url":"https:\/\/laia-alvarez.com\/ca\/el-teatre-no-tan-sols-es-un-mirall-de-la-societat-sino-que-tambe-es-capac-de-canviar-la\/","name":"\"El teatre no tan sols \u00e9s el mirall de la societat, sin\u00f2 que tamb\u00e9 \u00e9s capa\u00e7 de canviar-la\" - Laia Alvarez","isPartOf":{"@id":"https:\/\/laia-alvarez.com\/#website"},"primaryImageOfPage":{"@id":"https:\/\/laia-alvarez.com\/ca\/el-teatre-no-tan-sols-es-un-mirall-de-la-societat-sino-que-tambe-es-capac-de-canviar-la\/#primaryimage"},"image":{"@id":"https:\/\/laia-alvarez.com\/ca\/el-teatre-no-tan-sols-es-un-mirall-de-la-societat-sino-que-tambe-es-capac-de-canviar-la\/#primaryimage"},"thumbnailUrl":"https:\/\/laia-alvarez.com\/wp-content\/uploads\/2019\/02\/entrevista-laia-alvarez.jpg","datePublished":"2018-01-11T19:57:35+00:00","dateModified":"2020-02-03T10:51:40+00:00","description":"P\u00e0gina web de l'actriu Laia Alvarez.","breadcrumb":{"@id":"https:\/\/laia-alvarez.com\/ca\/el-teatre-no-tan-sols-es-un-mirall-de-la-societat-sino-que-tambe-es-capac-de-canviar-la\/#breadcrumb"},"inLanguage":"ca","potentialAction":[{"@type":"ReadAction","target":["https:\/\/laia-alvarez.com\/ca\/el-teatre-no-tan-sols-es-un-mirall-de-la-societat-sino-que-tambe-es-capac-de-canviar-la\/"]}]},{"@type":"ImageObject","inLanguage":"ca","@id":"https:\/\/laia-alvarez.com\/ca\/el-teatre-no-tan-sols-es-un-mirall-de-la-societat-sino-que-tambe-es-capac-de-canviar-la\/#primaryimage","url":"https:\/\/laia-alvarez.com\/wp-content\/uploads\/2019\/02\/entrevista-laia-alvarez.jpg","contentUrl":"https:\/\/laia-alvarez.com\/wp-content\/uploads\/2019\/02\/entrevista-laia-alvarez.jpg","width":527,"height":1000},{"@type":"BreadcrumbList","@id":"https:\/\/laia-alvarez.com\/ca\/el-teatre-no-tan-sols-es-un-mirall-de-la-societat-sino-que-tambe-es-capac-de-canviar-la\/#breadcrumb","itemListElement":[{"@type":"ListItem","position":1,"name":"Portada","item":"https:\/\/laia-alvarez.com\/ca\/actriz-con-tango\/"},{"@type":"ListItem","position":2,"name":"&#8222;El teatre no tan sols \u00e9s el mirall de la societat, sin\u00f2 que tamb\u00e9 \u00e9s capa\u00e7 de canviar-la&#8220;"}]},{"@type":"WebSite","@id":"https:\/\/laia-alvarez.com\/#website","url":"https:\/\/laia-alvarez.com\/","name":"Laia Alvarez","description":"","publisher":{"@id":"https:\/\/laia-alvarez.com\/#\/schema\/person\/4166490bf542d632c5f26a3d822c905e"},"potentialAction":[{"@type":"SearchAction","target":{"@type":"EntryPoint","urlTemplate":"https:\/\/laia-alvarez.com\/?s={search_term_string}"},"query-input":{"@type":"PropertyValueSpecification","valueRequired":true,"valueName":"search_term_string"}}],"inLanguage":"ca"},{"@type":["Person","Organization"],"@id":"https:\/\/laia-alvarez.com\/#\/schema\/person\/4166490bf542d632c5f26a3d822c905e","name":"Laia Alvarez","image":{"@type":"ImageObject","inLanguage":"ca","@id":"https:\/\/laia-alvarez.com\/wp-content\/uploads\/2019\/02\/laia-alvarez-actress-04.jpg","url":"https:\/\/laia-alvarez.com\/wp-content\/uploads\/2019\/02\/laia-alvarez-actress-04.jpg","contentUrl":"https:\/\/laia-alvarez.com\/wp-content\/uploads\/2019\/02\/laia-alvarez-actress-04.jpg","width":667,"height":1000,"caption":"Laia Alvarez"},"logo":{"@id":"https:\/\/laia-alvarez.com\/wp-content\/uploads\/2019\/02\/laia-alvarez-actress-04.jpg"},"sameAs":["laia_alvarezz"]}]}},"_links":{"self":[{"href":"https:\/\/laia-alvarez.com\/ca\/wp-json\/wp\/v2\/posts\/1782","targetHints":{"allow":["GET"]}}],"collection":[{"href":"https:\/\/laia-alvarez.com\/ca\/wp-json\/wp\/v2\/posts"}],"about":[{"href":"https:\/\/laia-alvarez.com\/ca\/wp-json\/wp\/v2\/types\/post"}],"author":[{"embeddable":true,"href":"https:\/\/laia-alvarez.com\/ca\/wp-json\/wp\/v2\/users\/5"}],"replies":[{"embeddable":true,"href":"https:\/\/laia-alvarez.com\/ca\/wp-json\/wp\/v2\/comments?post=1782"}],"version-history":[{"count":0,"href":"https:\/\/laia-alvarez.com\/ca\/wp-json\/wp\/v2\/posts\/1782\/revisions"}],"wp:featuredmedia":[{"embeddable":true,"href":"https:\/\/laia-alvarez.com\/ca\/wp-json\/wp\/v2\/media\/1374"}],"wp:attachment":[{"href":"https:\/\/laia-alvarez.com\/ca\/wp-json\/wp\/v2\/media?parent=1782"}],"wp:term":[{"taxonomy":"category","embeddable":true,"href":"https:\/\/laia-alvarez.com\/ca\/wp-json\/wp\/v2\/categories?post=1782"},{"taxonomy":"post_tag","embeddable":true,"href":"https:\/\/laia-alvarez.com\/ca\/wp-json\/wp\/v2\/tags?post=1782"}],"curies":[{"name":"wp","href":"https:\/\/api.w.org\/{rel}","templated":true}]}}